{"id":4420,"date":"2020-10-07T20:13:48","date_gmt":"2020-10-07T19:13:48","guid":{"rendered":"https:\/\/www.mudanzascontrol.com\/?p=4420"},"modified":"2025-09-12T07:44:42","modified_gmt":"2025-09-12T06:44:42","slug":"trasllat-del-museu-del-port-de-tarragona","status":"publish","type":"post","link":"https:\/\/www.mudanzascontrol.com\/ca\/trasllat-del-museu-del-port-de-tarragona\/","title":{"rendered":"Trasllat del Museu del Port de Tarragona"},"content":{"rendered":"<h2>Trasllat del Museu del Port de Tarragona a la seva exposici\u00f3 temporal al Tinglado 2<\/h2>\n<p>Des del passat 11 de setembre de 2020 el Museu del Port de Tarragona es podr\u00e0 visitar a les instal\u00b7lacions provisionals del Tinglado 2. Degut a unes obres de millora per tal de modernitzar el museu i donar una nova visi\u00f3 del m\u00f3n de la navegaci\u00f3, es va decidir traslladar temporalment l\u2019actual exposici\u00f3. Les obres de millora es troben actualment en funcionament, tot per poder inaugurar el nou museu tant aviat com sigui possible.  <\/p>\n<h3>Trasllat<\/h3>\n<p>El trasllat a les instal\u00b7lacions provisionals es va dur a terme en els passats mesos de febrer i mar\u00e7 de 2020, on la nostra empresa va participar com a responsable del moviment de gran part de les peces exposades. Gr\u00e0cies a la confian\u00e7a dipositada, v\u00e0rem ser els encarregats tant de l\u2019embalatge, com del transport i del posterior desembalatge i col\u00b7locaci\u00f3 de maquetes, repliques de vaixells, documents hist\u00f2rics, i fins i tot, un antic cotxe de bombers. Tot aix\u00f2 sota l\u2019atenta mirada del personal del museu que de manera coordinada va trobar la manera de donar una segona volta, una segona visi\u00f3, a les peces que fins ara es trobaven exposades.  <\/p>\n<h3>Embalatges i serveis addicionals<\/h3>\n<p>Aquest trasllat no era una <a href=\"https:\/\/www.mudanzascontrol.com\/ca\/mudances-tarragona\/\">mudan\u00e7a a Tarragona a<\/a> l&#8217;\u00fas, si no un servei molt espec\u00edfic que requeria uns protocols de treball exhaustius i comptar amb un personal espec\u00edficament formada com Arthandler. Per protegir les peces durant el trasllat, es van realitzar tot tipus d&#8217;embalatges adaptats a cadascuna de les obres i es van moure en vehicles especials adaptats per al servei de transport d&#8217;obres d&#8217;art. Tal com exigeix un projecte d&#8217;aquesta categoria, es va contractar tamb\u00e9 una asseguran\u00e7a clau a clau que cobr\u00eds qualsevol desperfecte en totes les fases del trasllat.  <\/p>\n<p>Com a complement al servei, tamb\u00e9 ens vam encarregar del trasllat i muntatge de les vitrines, donant agilitat al projecte i facilitant la coordinaci\u00f3 en la nova col\u00b7locaci\u00f3.<\/p>\n<h4>El Museu com a visitant<\/h4>\n<p>Ara, com a visitants, podem admirar com llueix de nou el Museu del Port de Tarragona, amb una renovada exposici\u00f3 que ens endinsa en el mon de la mar i la seva historia. Una visita recomanada per tots els amants del mar i per qui vulgui con\u00e8ixer una mica m\u00e9s de la historia del nostre mar mediterrani. <\/p>\n<p>A banda, aquest projecte ens ha perm\u00e8s con\u00e8ixer a persones molt competents que ens han aportat una nova visi\u00f3, per la qual cosa estem molt agra\u00efts a tot el personal del museu i pel que els hi desitgem molt d\u2019\u00e8xit en aquesta renovada exposici\u00f3.<\/p>\n\n<p>M\u00e9s informaci\u00f3 al seu web: <a href=\"https:\/\/www.porttarragona.cat\/ca\/port-i-ciutat\/museu-port\" target=\"_blank\" rel=\"noreferrer noopener\">Museu del Port de Tarragona<\/a><\/p>\n\n<p>M\u00e9s fotografies del projecte:<\/p>\n<blockquote class=\"instagram-media\" data-instgrm-captioned=\"\" data-instgrm-permalink=\"https:\/\/www.instagram.com\/p\/CGRnmNXF_d7\/?utm_source=ig_embed&amp;utm_campaign=loading\" data-instgrm-version=\"14\" style=\"  background:#FFF; border:0; border-radius:3px; box-shadow:0 0 1px 0 rgba(0,0,0,0.5),0 1px 10px 0 rgba(0,0,0,0.15); margin: 1px; max-width:540px; min-width:326px; padding:0; width:99.375%; width:-webkit-calc(100% - 2px); width:calc(100% - 2px);\">\n<div style=\"padding:16px;\"> <a href=\"https:\/\/www.instagram.com\/p\/CGRnmNXF_d7\/?utm_source=ig_embed&amp;utm_campaign=loading\" style=\"  background:#FFFFFF; line-height:0; padding:0 0; text-align:center; text-decoration:none; width:100%;\" target=\"_blank\"> <\/p>\n<div style=\"  display: flex; flex-direction: row; align-items: center;\">\n<div style=\"background-color: #F4F4F4; border-radius: 50%; flex-grow: 0; height: 40px; margin-right: 14px; width: 40px;\"><\/div>\n<div style=\"display: flex; flex-direction: column; flex-grow: 1; justify-content: center;\">\n<div style=\"  background-color: #F4F4F4; border-radius: 4px; flex-grow: 0; height: 14px; margin-bottom: 6px; width: 100px;\"><\/div>\n<div style=\"  background-color: #F4F4F4; border-radius: 4px; flex-grow: 0; height: 14px; width: 60px;\"><\/div>\n<\/div>\n<\/div>\n<div style=\"padding: 19% 0;\"><\/div>\n<div style=\"display:block; height:50px; margin:0 auto 12px; width:50px;\"><svg width=\"50px\" height=\"50px\" viewbox=\"0 0 60 60\" version=\"1.1\" xmlns=\"https:\/\/www.w3.org\/2000\/svg\" xmlns:xlink=\"https:\/\/www.w3.org\/1999\/xlink\"><g stroke=\"none\" stroke-width=\"1\" fill=\"none\" fill-rule=\"evenodd\"><g transform=\"translate(-511.000000, -20.000000)\" fill=\"#000000\"><g><path d=\"M556.869,30.41 C554.814,30.41 553.148,32.076 553.148,34.131 C553.148,36.186 554.814,37.852 556.869,37.852 C558.924,37.852 560.59,36.186 560.59,34.131 C560.59,32.076 558.924,30.41 556.869,30.41 M541,60.657 C535.114,60.657 530.342,55.887 530.342,50 C530.342,44.114 535.114,39.342 541,39.342 C546.887,39.342 551.658,44.114 551.658,50 C551.658,55.887 546.887,60.657 541,60.657 M541,33.886 C532.1,33.886 524.886,41.1 524.886,50 C524.886,58.899 532.1,66.113 541,66.113 C549.9,66.113 557.115,58.899 557.115,50 C557.115,41.1 549.9,33.886 541,33.886 M565.378,62.101 C565.244,65.022 564.756,66.606 564.346,67.663 C563.803,69.06 563.154,70.057 562.106,71.106 C561.058,72.155 560.06,72.803 558.662,73.347 C557.607,73.757 556.021,74.244 553.102,74.378 C549.944,74.521 548.997,74.552 541,74.552 C533.003,74.552 532.056,74.521 528.898,74.378 C525.979,74.244 524.393,73.757 523.338,73.347 C521.94,72.803 520.942,72.155 519.894,71.106 C518.846,70.057 518.197,69.06 517.654,67.663 C517.244,66.606 516.755,65.022 516.623,62.101 C516.479,58.943 516.448,57.996 516.448,50 C516.448,42.003 516.479,41.056 516.623,37.899 C516.755,34.978 517.244,33.391 517.654,32.338 C518.197,30.938 518.846,29.942 519.894,28.894 C520.942,27.846 521.94,27.196 523.338,26.654 C524.393,26.244 525.979,25.756 528.898,25.623 C532.057,25.479 533.004,25.448 541,25.448 C548.997,25.448 549.943,25.479 553.102,25.623 C556.021,25.756 557.607,26.244 558.662,26.654 C560.06,27.196 561.058,27.846 562.106,28.894 C563.154,29.942 563.803,30.938 564.346,32.338 C564.756,33.391 565.244,34.978 565.378,37.899 C565.522,41.056 565.552,42.003 565.552,50 C565.552,57.996 565.522,58.943 565.378,62.101 M570.82,37.631 C570.674,34.438 570.167,32.258 569.425,30.349 C568.659,28.377 567.633,26.702 565.965,25.035 C564.297,23.368 562.623,22.342 560.652,21.575 C558.743,20.834 556.562,20.326 553.369,20.18 C550.169,20.033 549.148,20 541,20 C532.853,20 531.831,20.033 528.631,20.18 C525.438,20.326 523.257,20.834 521.349,21.575 C519.376,22.342 517.703,23.368 516.035,25.035 C514.368,26.702 513.342,28.377 512.574,30.349 C511.834,32.258 511.326,34.438 511.181,37.631 C511.035,40.831 511,41.851 511,50 C511,58.147 511.035,59.17 511.181,62.369 C511.326,65.562 511.834,67.743 512.574,69.651 C513.342,71.625 514.368,73.296 516.035,74.965 C517.703,76.634 519.376,77.658 521.349,78.425 C523.257,79.167 525.438,79.673 528.631,79.82 C531.831,79.965 532.853,80.001 541,80.001 C549.148,80.001 550.169,79.965 553.369,79.82 C556.562,79.673 558.743,79.167 560.652,78.425 C562.623,77.658 564.297,76.634 565.965,74.965 C567.633,73.296 568.659,71.625 569.425,69.651 C570.167,67.743 570.674,65.562 570.82,62.369 C570.966,59.17 571,58.147 571,50 C571,41.851 570.966,40.831 570.82,37.631\"><\/path><\/path><\/g><\/g><\/g><\/svg><\/div>\n<div style=\"padding-top: 8px;\">\n<div style=\"  color:#3897f0; font-family:Arial,sans-serif; font-size:14px; font-style:normal; font-weight:550; line-height:18px;\">Veure aquesta publicaci\u00f3 en Instagram<\/div>\n<\/div>\n<div style=\"padding: 12.5% 0;\"><\/div>\n<div style=\"display: flex; flex-direction: row; margin-bottom: 14px; align-items: center;\">\n<div>\n<div style=\"background-color: #F4F4F4; border-radius: 50%; height: 12.5px; width: 12.5px; transform: translateX(0px) translateY(7px);\"><\/div>\n<div style=\"background-color: #F4F4F4; height: 12.5px; transform: rotate(-45deg) translateX(3px) translateY(1px); width: 12.5px; flex-grow: 0; margin-right: 14px; margin-left: 2px;\"><\/div>\n<div style=\"background-color: #F4F4F4; border-radius: 50%; height: 12.5px; width: 12.5px; transform: translateX(9px) translateY(-18px);\"><\/div>\n<\/div>\n<div style=\"margin-left: 8px;\">\n<div style=\"  background-color: #F4F4F4; border-radius: 50%; flex-grow: 0; height: 20px; width: 20px;\"><\/div>\n<div style=\"  width: 0; height: 0; border-top: 2px solid transparent; border-left: 6px solid #f4f4f4; border-bottom: 2px solid transparent; transform: translateX(16px) translateY(-4px) rotate(30deg)\"><\/div>\n<\/div>\n<div style=\"margin-left: auto;\">\n<div style=\"  width: 0px; border-top: 8px solid #F4F4F4; border-right: 8px solid transparent; transform: translateY(16px);\"><\/div>\n<div style=\"  background-color: #F4F4F4; flex-grow: 0; height: 12px; width: 16px; transform: translateY(-4px);\"><\/div>\n<div style=\"  width: 0; height: 0; border-top: 8px solid #F4F4F4; border-left: 8px solid transparent; transform: translateY(-4px) translateX(8px);\"><\/div>\n<\/div>\n<\/div>\n<div style=\"display: flex; flex-direction: column; flex-grow: 1; justify-content: center; margin-bottom: 24px;\">\n<div style=\"  background-color: #F4F4F4; border-radius: 4px; flex-grow: 0; height: 14px; margin-bottom: 6px; width: 224px;\"><\/div>\n<div style=\"  background-color: #F4F4F4; border-radius: 4px; flex-grow: 0; height: 14px; width: 144px;\"><\/div>\n<\/div>\n<p><\/a><\/p>\n<p style=\"  color:#c9c8cd; font-family:Arial,sans-serif; font-size:14px; line-height:17px; margin-bottom:0; margin-top:8px; overflow:hidden; padding:8px 0 7px; text-align:center; text-overflow:ellipsis; white-space:nowrap;\"><a href=\"https:\/\/www.instagram.com\/p\/CGRnmNXF_d7\/?utm_source=ig_embed&amp;utm_campaign=loading\" style=\"  color:#c9c8cd; font-family:Arial,sans-serif; font-size:14px; font-style:normal; font-weight:normal; line-height:17px; text-decoration:none;\" target=\"_blank\">Una publicaci\u00f3 compartida de Mudanzas Control (@mudanzascontrol)<\/a><\/p>\n<\/div>\n<\/blockquote>\n<p><script async=\"\" src=\"\/\/www.instagram.com\/embed.js\"><\/script><\/p>\n","protected":false},"excerpt":{"rendered":"<p>Trasllat del Museu del Port de Tarragona a la seva exposici\u00f3 temporal al Tinglado 2 Des del passat 11 de setembre de 2020 el Museu del Port de Tarragona es podr\u00e0 visitar a les instal\u00b7lacions provisionals del Tinglado 2. Degut&hellip;<\/p>\n","protected":false},"author":5,"featured_media":4417,"comment_status":"closed","ping_status":"closed","sticky":false,"template":"","format":"standard","meta":{"footnotes":""},"categories":[61],"tags":[],"class_list":["post-4420","post","type-post","status-publish","format-standard","has-post-thumbnail","hentry","category-projectes"],"yoast_head":"<!-- This site is optimized with the Yoast SEO Premium plugin v27.1 (Yoast SEO v27.1.1) - https:\/\/yoast.com\/product\/yoast-seo-premium-wordpress\/ -->\n<title>Trasllat del Museu del Port de Tarragona | Mudanzas Control<\/title>\n<meta name=\"description\" content=\"Coneix com va ser el trasllat del Museu del Port de Tarragona a l&#039;exposici\u00f3 temporal situada al Tinglado 2.\" \/>\n<meta name=\"robots\" content=\"index, follow, max-snippet:-1, max-image-preview:large, max-video-preview:-1\" \/>\n<link rel=\"canonical\" href=\"https:\/\/www.mudanzascontrol.com\/ca\/trasllat-del-museu-del-port-de-tarragona\/\" \/>\n<meta property=\"og:locale\" content=\"ca_ES\" \/>\n<meta property=\"og:type\" content=\"article\" \/>\n<meta property=\"og:title\" content=\"Trasllat del Museu del Port de Tarragona\" \/>\n<meta property=\"og:description\" content=\"Trasllat del Museu del Port de Tarragona a la seva exposici\u00f3 temporal al Tinglado 2 Des del passat 11 de setembre de 2020 el Museu del Port de Tarragona\" \/>\n<meta property=\"og:url\" content=\"https:\/\/www.mudanzascontrol.com\/ca\/trasllat-del-museu-del-port-de-tarragona\/\" \/>\n<meta property=\"og:site_name\" content=\"Mudanzas Control\" \/>\n<meta property=\"article:publisher\" content=\"https:\/\/es-es.facebook.com\/MudanzasControl\/\" \/>\n<meta property=\"article:published_time\" content=\"2020-10-07T19:13:48+00:00\" \/>\n<meta property=\"article:modified_time\" content=\"2025-09-12T06:44:42+00:00\" \/>\n<meta property=\"og:image\" content=\"https:\/\/www.mudanzascontrol.com\/wp-content\/uploads\/2020\/10\/Trasllat-Museu-Port-Tarragona-2.jpg\" \/>\n\t<meta property=\"og:image:width\" content=\"1600\" \/>\n\t<meta property=\"og:image:height\" content=\"1032\" \/>\n\t<meta property=\"og:image:type\" content=\"image\/jpeg\" \/>\n<meta name=\"author\" content=\"Mudanzas Control\" \/>\n<meta name=\"twitter:card\" content=\"summary_large_image\" \/>\n<meta name=\"twitter:creator\" content=\"@MudanzasControl\" \/>\n<meta name=\"twitter:site\" content=\"@MudanzasControl\" \/>\n<meta name=\"twitter:label1\" content=\"Escrit per\" \/>\n\t<meta name=\"twitter:data1\" content=\"Mudanzas Control\" \/>\n\t<meta name=\"twitter:label2\" content=\"Temps estimat de lectura\" \/>\n\t<meta name=\"twitter:data2\" content=\"2 minuts\" \/>\n<script type=\"application\/ld+json\" class=\"yoast-schema-graph\">{\"@context\":\"https:\/\/schema.org\",\"@graph\":[{\"@type\":\"Article\",\"@id\":\"https:\/\/www.mudanzascontrol.com\/ca\/trasllat-del-museu-del-port-de-tarragona\/#article\",\"isPartOf\":{\"@id\":\"https:\/\/www.mudanzascontrol.com\/ca\/trasllat-del-museu-del-port-de-tarragona\/\"},\"author\":{\"name\":\"Mudanzas Control\",\"@id\":\"https:\/\/www.mudanzascontrol.com\/#\/schema\/person\/35e645e606be7465bff2382d84063a8c\"},\"headline\":\"Trasllat del Museu del Port de Tarragona\",\"datePublished\":\"2020-10-07T19:13:48+00:00\",\"dateModified\":\"2025-09-12T06:44:42+00:00\",\"mainEntityOfPage\":{\"@id\":\"https:\/\/www.mudanzascontrol.com\/ca\/trasllat-del-museu-del-port-de-tarragona\/\"},\"wordCount\":488,\"publisher\":{\"@id\":\"https:\/\/www.mudanzascontrol.com\/#organization\"},\"image\":{\"@id\":\"https:\/\/www.mudanzascontrol.com\/ca\/trasllat-del-museu-del-port-de-tarragona\/#primaryimage\"},\"thumbnailUrl\":\"https:\/\/www.mudanzascontrol.com\/wp-content\/uploads\/2020\/10\/Trasllat-Museu-Port-Tarragona-2.jpg\",\"articleSection\":[\"Projectes\"],\"inLanguage\":\"ca\"},{\"@type\":\"WebPage\",\"@id\":\"https:\/\/www.mudanzascontrol.com\/ca\/trasllat-del-museu-del-port-de-tarragona\/\",\"url\":\"https:\/\/www.mudanzascontrol.com\/ca\/trasllat-del-museu-del-port-de-tarragona\/\",\"name\":\"Trasllat del Museu del Port de Tarragona | Mudanzas Control\",\"isPartOf\":{\"@id\":\"https:\/\/www.mudanzascontrol.com\/#website\"},\"primaryImageOfPage\":{\"@id\":\"https:\/\/www.mudanzascontrol.com\/ca\/trasllat-del-museu-del-port-de-tarragona\/#primaryimage\"},\"image\":{\"@id\":\"https:\/\/www.mudanzascontrol.com\/ca\/trasllat-del-museu-del-port-de-tarragona\/#primaryimage\"},\"thumbnailUrl\":\"https:\/\/www.mudanzascontrol.com\/wp-content\/uploads\/2020\/10\/Trasllat-Museu-Port-Tarragona-2.jpg\",\"datePublished\":\"2020-10-07T19:13:48+00:00\",\"dateModified\":\"2025-09-12T06:44:42+00:00\",\"description\":\"Coneix com va ser el trasllat del Museu del Port de Tarragona a l'exposici\u00f3 temporal situada al Tinglado 2.\",\"breadcrumb\":{\"@id\":\"https:\/\/www.mudanzascontrol.com\/ca\/trasllat-del-museu-del-port-de-tarragona\/#breadcrumb\"},\"inLanguage\":\"ca\",\"potentialAction\":[{\"@type\":\"ReadAction\",\"target\":[\"https:\/\/www.mudanzascontrol.com\/ca\/trasllat-del-museu-del-port-de-tarragona\/\"]}]},{\"@type\":\"ImageObject\",\"inLanguage\":\"ca\",\"@id\":\"https:\/\/www.mudanzascontrol.com\/ca\/trasllat-del-museu-del-port-de-tarragona\/#primaryimage\",\"url\":\"https:\/\/www.mudanzascontrol.com\/wp-content\/uploads\/2020\/10\/Trasllat-Museu-Port-Tarragona-2.jpg\",\"contentUrl\":\"https:\/\/www.mudanzascontrol.com\/wp-content\/uploads\/2020\/10\/Trasllat-Museu-Port-Tarragona-2.jpg\",\"width\":1600,\"height\":1032,\"caption\":\"Trasllat Museu Port Tarragona\"},{\"@type\":\"BreadcrumbList\",\"@id\":\"https:\/\/www.mudanzascontrol.com\/ca\/trasllat-del-museu-del-port-de-tarragona\/#breadcrumb\",\"itemListElement\":[{\"@type\":\"ListItem\",\"position\":1,\"name\":\"Portada\",\"item\":\"https:\/\/www.mudanzascontrol.com\/ca\/inicio\/\"},{\"@type\":\"ListItem\",\"position\":2,\"name\":\"Trasllat del Museu del Port de Tarragona\"}]},{\"@type\":\"WebSite\",\"@id\":\"https:\/\/www.mudanzascontrol.com\/#website\",\"url\":\"https:\/\/www.mudanzascontrol.com\/\",\"name\":\"Mudanzas Control\",\"description\":\"Empresa de Mudanzas en Barcelona\",\"publisher\":{\"@id\":\"https:\/\/www.mudanzascontrol.com\/#organization\"},\"alternateName\":\"CONTROL Mudanzas Barcelona\",\"potentialAction\":[{\"@type\":\"SearchAction\",\"target\":{\"@type\":\"EntryPoint\",\"urlTemplate\":\"https:\/\/www.mudanzascontrol.com\/?s={search_term_string}\"},\"query-input\":{\"@type\":\"PropertyValueSpecification\",\"valueRequired\":true,\"valueName\":\"search_term_string\"}}],\"inLanguage\":\"ca\"},{\"@type\":\"Organization\",\"@id\":\"https:\/\/www.mudanzascontrol.com\/#organization\",\"name\":\"CONTROL Mudanzas\",\"url\":\"https:\/\/www.mudanzascontrol.com\/\",\"logo\":{\"@type\":\"ImageObject\",\"inLanguage\":\"ca\",\"@id\":\"https:\/\/www.mudanzascontrol.com\/#\/schema\/logo\/image\/\",\"url\":\"https:\/\/www.mudanzascontrol.com\/wp-content\/uploads\/2019\/08\/Control-Mudanzas-Barcelona.jpg\",\"contentUrl\":\"https:\/\/www.mudanzascontrol.com\/wp-content\/uploads\/2019\/08\/Control-Mudanzas-Barcelona.jpg\",\"width\":500,\"height\":125,\"caption\":\"CONTROL Mudanzas\"},\"image\":{\"@id\":\"https:\/\/www.mudanzascontrol.com\/#\/schema\/logo\/image\/\"},\"sameAs\":[\"https:\/\/es-es.facebook.com\/MudanzasControl\/\",\"https:\/\/x.com\/MudanzasControl\",\"https:\/\/www.instagram.com\/mudanzascontrol\/\",\"https:\/\/www.linkedin.com\/company\/control-mudanzas-sl\",\"https:\/\/www.pinterest.es\/mudanzascontrol\/\",\"https:\/\/www.youtube.com\/user\/Guardamuebles1\"],\"description\":\"Empresa de mudanzas ubicada en Barcelona\",\"email\":\"comercial@mudanzascontrol.com\",\"telephone\":\"933340100\",\"legalName\":\"CONSORCIO DE TRANSITO Y ORGANIZACI\u00d3N LOG\u00cdSTICA EN MUDANZAS, SLU\",\"vatID\":\"B61104253\",\"taxID\":\"B61104253\",\"numberOfEmployees\":{\"@type\":\"QuantitativeValue\",\"minValue\":\"11\",\"maxValue\":\"50\"}},{\"@type\":\"Person\",\"@id\":\"https:\/\/www.mudanzascontrol.com\/#\/schema\/person\/35e645e606be7465bff2382d84063a8c\",\"name\":\"Mudanzas Control\",\"image\":{\"@type\":\"ImageObject\",\"inLanguage\":\"ca\",\"@id\":\"https:\/\/www.mudanzascontrol.com\/#\/schema\/person\/image\/\",\"url\":\"https:\/\/secure.gravatar.com\/avatar\/08f1fc6e9b2f728187b8ffffd2a1783d2a57d29a313d8f779fae926d6972148c?s=96&d=mm&r=g\",\"contentUrl\":\"https:\/\/secure.gravatar.com\/avatar\/08f1fc6e9b2f728187b8ffffd2a1783d2a57d29a313d8f779fae926d6972148c?s=96&d=mm&r=g\",\"caption\":\"Mudanzas Control\"},\"url\":\"https:\/\/www.mudanzascontrol.com\/ca\/author\/miguel\/\"}]}<\/script>\n<!-- \/ Yoast SEO Premium plugin. -->","yoast_head_json":{"title":"Trasllat del Museu del Port de Tarragona | Mudanzas Control","description":"Coneix com va ser el trasllat del Museu del Port de Tarragona a l'exposici\u00f3 temporal situada al Tinglado 2.","robots":{"index":"index","follow":"follow","max-snippet":"max-snippet:-1","max-image-preview":"max-image-preview:large","max-video-preview":"max-video-preview:-1"},"canonical":"https:\/\/www.mudanzascontrol.com\/ca\/trasllat-del-museu-del-port-de-tarragona\/","og_locale":"ca_ES","og_type":"article","og_title":"Trasllat del Museu del Port de Tarragona","og_description":"Trasllat del Museu del Port de Tarragona a la seva exposici\u00f3 temporal al Tinglado 2 Des del passat 11 de setembre de 2020 el Museu del Port de Tarragona","og_url":"https:\/\/www.mudanzascontrol.com\/ca\/trasllat-del-museu-del-port-de-tarragona\/","og_site_name":"Mudanzas Control","article_publisher":"https:\/\/es-es.facebook.com\/MudanzasControl\/","article_published_time":"2020-10-07T19:13:48+00:00","article_modified_time":"2025-09-12T06:44:42+00:00","og_image":[{"width":1600,"height":1032,"url":"https:\/\/www.mudanzascontrol.com\/wp-content\/uploads\/2020\/10\/Trasllat-Museu-Port-Tarragona-2.jpg","type":"image\/jpeg"}],"author":"Mudanzas Control","twitter_card":"summary_large_image","twitter_creator":"@MudanzasControl","twitter_site":"@MudanzasControl","twitter_misc":{"Escrit per":"Mudanzas Control","Temps estimat de lectura":"2 minuts"},"schema":{"@context":"https:\/\/schema.org","@graph":[{"@type":"Article","@id":"https:\/\/www.mudanzascontrol.com\/ca\/trasllat-del-museu-del-port-de-tarragona\/#article","isPartOf":{"@id":"https:\/\/www.mudanzascontrol.com\/ca\/trasllat-del-museu-del-port-de-tarragona\/"},"author":{"name":"Mudanzas Control","@id":"https:\/\/www.mudanzascontrol.com\/#\/schema\/person\/35e645e606be7465bff2382d84063a8c"},"headline":"Trasllat del Museu del Port de Tarragona","datePublished":"2020-10-07T19:13:48+00:00","dateModified":"2025-09-12T06:44:42+00:00","mainEntityOfPage":{"@id":"https:\/\/www.mudanzascontrol.com\/ca\/trasllat-del-museu-del-port-de-tarragona\/"},"wordCount":488,"publisher":{"@id":"https:\/\/www.mudanzascontrol.com\/#organization"},"image":{"@id":"https:\/\/www.mudanzascontrol.com\/ca\/trasllat-del-museu-del-port-de-tarragona\/#primaryimage"},"thumbnailUrl":"https:\/\/www.mudanzascontrol.com\/wp-content\/uploads\/2020\/10\/Trasllat-Museu-Port-Tarragona-2.jpg","articleSection":["Projectes"],"inLanguage":"ca"},{"@type":"WebPage","@id":"https:\/\/www.mudanzascontrol.com\/ca\/trasllat-del-museu-del-port-de-tarragona\/","url":"https:\/\/www.mudanzascontrol.com\/ca\/trasllat-del-museu-del-port-de-tarragona\/","name":"Trasllat del Museu del Port de Tarragona | Mudanzas Control","isPartOf":{"@id":"https:\/\/www.mudanzascontrol.com\/#website"},"primaryImageOfPage":{"@id":"https:\/\/www.mudanzascontrol.com\/ca\/trasllat-del-museu-del-port-de-tarragona\/#primaryimage"},"image":{"@id":"https:\/\/www.mudanzascontrol.com\/ca\/trasllat-del-museu-del-port-de-tarragona\/#primaryimage"},"thumbnailUrl":"https:\/\/www.mudanzascontrol.com\/wp-content\/uploads\/2020\/10\/Trasllat-Museu-Port-Tarragona-2.jpg","datePublished":"2020-10-07T19:13:48+00:00","dateModified":"2025-09-12T06:44:42+00:00","description":"Coneix com va ser el trasllat del Museu del Port de Tarragona a l'exposici\u00f3 temporal situada al Tinglado 2.","breadcrumb":{"@id":"https:\/\/www.mudanzascontrol.com\/ca\/trasllat-del-museu-del-port-de-tarragona\/#breadcrumb"},"inLanguage":"ca","potentialAction":[{"@type":"ReadAction","target":["https:\/\/www.mudanzascontrol.com\/ca\/trasllat-del-museu-del-port-de-tarragona\/"]}]},{"@type":"ImageObject","inLanguage":"ca","@id":"https:\/\/www.mudanzascontrol.com\/ca\/trasllat-del-museu-del-port-de-tarragona\/#primaryimage","url":"https:\/\/www.mudanzascontrol.com\/wp-content\/uploads\/2020\/10\/Trasllat-Museu-Port-Tarragona-2.jpg","contentUrl":"https:\/\/www.mudanzascontrol.com\/wp-content\/uploads\/2020\/10\/Trasllat-Museu-Port-Tarragona-2.jpg","width":1600,"height":1032,"caption":"Trasllat Museu Port Tarragona"},{"@type":"BreadcrumbList","@id":"https:\/\/www.mudanzascontrol.com\/ca\/trasllat-del-museu-del-port-de-tarragona\/#breadcrumb","itemListElement":[{"@type":"ListItem","position":1,"name":"Portada","item":"https:\/\/www.mudanzascontrol.com\/ca\/inicio\/"},{"@type":"ListItem","position":2,"name":"Trasllat del Museu del Port de Tarragona"}]},{"@type":"WebSite","@id":"https:\/\/www.mudanzascontrol.com\/#website","url":"https:\/\/www.mudanzascontrol.com\/","name":"Mudanzas Control","description":"Empresa de Mudanzas en Barcelona","publisher":{"@id":"https:\/\/www.mudanzascontrol.com\/#organization"},"alternateName":"CONTROL Mudanzas Barcelona","potentialAction":[{"@type":"SearchAction","target":{"@type":"EntryPoint","urlTemplate":"https:\/\/www.mudanzascontrol.com\/?s={search_term_string}"},"query-input":{"@type":"PropertyValueSpecification","valueRequired":true,"valueName":"search_term_string"}}],"inLanguage":"ca"},{"@type":"Organization","@id":"https:\/\/www.mudanzascontrol.com\/#organization","name":"CONTROL Mudanzas","url":"https:\/\/www.mudanzascontrol.com\/","logo":{"@type":"ImageObject","inLanguage":"ca","@id":"https:\/\/www.mudanzascontrol.com\/#\/schema\/logo\/image\/","url":"https:\/\/www.mudanzascontrol.com\/wp-content\/uploads\/2019\/08\/Control-Mudanzas-Barcelona.jpg","contentUrl":"https:\/\/www.mudanzascontrol.com\/wp-content\/uploads\/2019\/08\/Control-Mudanzas-Barcelona.jpg","width":500,"height":125,"caption":"CONTROL Mudanzas"},"image":{"@id":"https:\/\/www.mudanzascontrol.com\/#\/schema\/logo\/image\/"},"sameAs":["https:\/\/es-es.facebook.com\/MudanzasControl\/","https:\/\/x.com\/MudanzasControl","https:\/\/www.instagram.com\/mudanzascontrol\/","https:\/\/www.linkedin.com\/company\/control-mudanzas-sl","https:\/\/www.pinterest.es\/mudanzascontrol\/","https:\/\/www.youtube.com\/user\/Guardamuebles1"],"description":"Empresa de mudanzas ubicada en Barcelona","email":"comercial@mudanzascontrol.com","telephone":"933340100","legalName":"CONSORCIO DE TRANSITO Y ORGANIZACI\u00d3N LOG\u00cdSTICA EN MUDANZAS, SLU","vatID":"B61104253","taxID":"B61104253","numberOfEmployees":{"@type":"QuantitativeValue","minValue":"11","maxValue":"50"}},{"@type":"Person","@id":"https:\/\/www.mudanzascontrol.com\/#\/schema\/person\/35e645e606be7465bff2382d84063a8c","name":"Mudanzas Control","image":{"@type":"ImageObject","inLanguage":"ca","@id":"https:\/\/www.mudanzascontrol.com\/#\/schema\/person\/image\/","url":"https:\/\/secure.gravatar.com\/avatar\/08f1fc6e9b2f728187b8ffffd2a1783d2a57d29a313d8f779fae926d6972148c?s=96&d=mm&r=g","contentUrl":"https:\/\/secure.gravatar.com\/avatar\/08f1fc6e9b2f728187b8ffffd2a1783d2a57d29a313d8f779fae926d6972148c?s=96&d=mm&r=g","caption":"Mudanzas Control"},"url":"https:\/\/www.mudanzascontrol.com\/ca\/author\/miguel\/"}]}},"_links":{"self":[{"href":"https:\/\/www.mudanzascontrol.com\/ca\/wp-json\/wp\/v2\/posts\/4420","targetHints":{"allow":["GET"]}}],"collection":[{"href":"https:\/\/www.mudanzascontrol.com\/ca\/wp-json\/wp\/v2\/posts"}],"about":[{"href":"https:\/\/www.mudanzascontrol.com\/ca\/wp-json\/wp\/v2\/types\/post"}],"author":[{"embeddable":true,"href":"https:\/\/www.mudanzascontrol.com\/ca\/wp-json\/wp\/v2\/users\/5"}],"replies":[{"embeddable":true,"href":"https:\/\/www.mudanzascontrol.com\/ca\/wp-json\/wp\/v2\/comments?post=4420"}],"version-history":[{"count":0,"href":"https:\/\/www.mudanzascontrol.com\/ca\/wp-json\/wp\/v2\/posts\/4420\/revisions"}],"wp:featuredmedia":[{"embeddable":true,"href":"https:\/\/www.mudanzascontrol.com\/ca\/wp-json\/wp\/v2\/media\/4417"}],"wp:attachment":[{"href":"https:\/\/www.mudanzascontrol.com\/ca\/wp-json\/wp\/v2\/media?parent=4420"}],"wp:term":[{"taxonomy":"category","embeddable":true,"href":"https:\/\/www.mudanzascontrol.com\/ca\/wp-json\/wp\/v2\/categories?post=4420"},{"taxonomy":"post_tag","embeddable":true,"href":"https:\/\/www.mudanzascontrol.com\/ca\/wp-json\/wp\/v2\/tags?post=4420"}],"curies":[{"name":"wp","href":"https:\/\/api.w.org\/{rel}","templated":true}]}}