{"id":4848,"date":"2020-11-19T09:56:41","date_gmt":"2020-11-19T08:56:41","guid":{"rendered":"https:\/\/www.mudanzascontrol.com\/?p=4848"},"modified":"2025-03-22T23:51:59","modified_gmt":"2025-03-22T22:51:59","slug":"trasllat-oficines-en-temps-record","status":"publish","type":"post","link":"https:\/\/www.mudanzascontrol.com\/ca\/trasllat-oficines-en-temps-record\/","title":{"rendered":"Trasllat d&#8217;Oficines en Temps R\u00e8cord"},"content":{"rendered":"&#13;\n<h2 class=\"wp-block-heading\">Reorganitzaci\u00f3 d&#8217;espais per a l&#8217;Institut Municipal d&#8217;Inform\u00e0tica de l&#8217;Ajuntament de Barcelona<\/h2>&#13;\n&#13;\n<p>Durant el mes de novembre de 2020 hem dut a terme la remodelaci\u00f3 i<strong>trasllat de les oficines de l&#8217;Institut Municipal d&#8217;Inform\u00e0tica de l&#8217;Ajuntament de Barcelona. <\/strong> A causa de l&#8217;actual situaci\u00f3 derivada del Coronavirus, aquestes instal\u00b7lacions necessitaven una reorganitzaci\u00f3 d&#8217;espais per a poder garantir la dist\u00e0ncia interpersonal entre treballadors. Gr\u00e0cies a que aquest departament disposava d&#8217;uns sistemes d&#8217;informaci\u00f3 adaptats per al teletreball, en cap moment havien vist parada la seva activitat, per\u00f2 s\u00ed que era recomanable poder disposar novament de les instal\u00b7lacions sense cap restricci\u00f3 per a reprendre la seva activitat presencial. Per aix\u00f2, van licitar el servei de mudances per a moure mobiliari, equips i estris segons la distribuci\u00f3 predissenyada.<\/p>&#13;\n&#13;\n<h4 class=\"wp-block-heading\">El projecte a xifres:<\/h4>&#13;\n&#13;\n<ul class=\"wp-block-list\">&#13;\n<li>12 dies.<\/li>&#13;\n<li>2.670 moviments.<\/li>&#13;\n<li>Superf\u00edcie de 7.000 m2.<\/li>&#13;\n<li>Plantes 2, 3, 4 i 5 d&#8217;Avinguda Diagonal, 220.<\/li>&#13;\n<li>Plantes 10, 11 i 12 de Carrer T\u00e0nger, 98.<\/li>&#13;\n<\/ul>&#13;\n&#13;\n<h3 class=\"wp-block-heading\">Exig\u00e8ncies del trasllat<\/h3>&#13;\n&#13;\n<div class=\"wp-block-image\">&#13;\n<figure class=\"alignright size-medium\"><img loading=\"lazy\" decoding=\"async\" width=\"189\" height=\"300\" class=\"wp-image-4767\" src=\"https:\/\/www.mudanzascontrol.com\/wp-content\/uploads\/2020\/11\/Traslado-Oficinas-IMI-Aj-Bcn-189x300.jpg\" alt=\"Trasllat Oficines IMI Aj Bcn\" srcset=\"https:\/\/www.mudanzascontrol.com\/wp-content\/uploads\/2020\/11\/Traslado-Oficinas-IMI-Aj-Bcn-189x300.jpg 189w, https:\/\/www.mudanzascontrol.com\/wp-content\/uploads\/2020\/11\/Traslado-Oficinas-IMI-Aj-Bcn-370x587.jpg 370w, https:\/\/www.mudanzascontrol.com\/wp-content\/uploads\/2020\/11\/Traslado-Oficinas-IMI-Aj-Bcn.jpg 378w\" sizes=\"auto, (max-width: 189px) 100vw, 189px\" \/><\/figure>&#13;\n<\/div>&#13;\n&#13;\n<p>El projecte contemplava la <strong>reorganitzaci\u00f3 d&#8217;espais<\/strong> per a adequar-los a la nova normativa, respectant la dist\u00e0ncia de seguretat, aix\u00ed com garantir els circuits de circulaci\u00f3 d&#8217;entrada i sortida a les oficines. El client disposava dels plans definitius, per\u00f2 buscava una empresa de mudances que fos capa\u00e7 de coordinar el trasllat d&#8217;oficines i la seva execuci\u00f3.<\/p>&#13;\n&#13;\n<p>El projecte exigia, tamb\u00e9, disposar d&#8217;una persona que actu\u00e9s com a coordinador dels diferents agents implicats en la mudan\u00e7a. Des de l&#8217;equip d&#8217;inform\u00e0tics, passant pels electricistes, fins a l&#8217;equip de muntatge de mampares. A m\u00e9s, era indispensable que tot el personal (coordinador\/a, encarregats\/as, operaris\/as i conductors\/as) comptessin amb una experi\u00e8ncia contrastada en aquesta mena de serveis.<\/p>&#13;\n&#13;\n<p>A tot l&#8217;anterior, s&#8217;afegia un \u00faltim requisit;<strong>reduir el temps d&#8217;execuci\u00f3 del trasllat <\/strong>. Gr\u00e0cies a l&#8217;experi\u00e8ncia de 35 anys en mudances corporatives, vam saber estudiar el cas amb profunditat, proposant equips de treball solapats per a arribar a oferir una reducci\u00f3 del termini inicial insuperable. Escurcem aix\u00ed en 17 dies un projecte previst per a un mes d&#8217;execuci\u00f3.<\/p>&#13;\n&#13;\n<h4 class=\"wp-block-heading\">Reducci\u00f3 del termini<\/h4>&#13;\n&#13;\n<p>Com coment\u00e0vem anteriorment, per a poder reduir el termini d&#8217;execuci\u00f3, ens vam veure obligats <strong>solapar el treball de diversos equips <\/strong>. Aix\u00ed \u00e9s com aconseguim un avan\u00e7 simultani en el trasllat de les diferents plantes dels edificis. Perqu\u00e8 aquesta estrat\u00e8gia tingu\u00e9s sentit, era indispensable una <strong>sincronitzaci\u00f3 simult\u00e0nia<\/strong>. Aix\u00ed, el coordinador del projecte estava en constant interlocuci\u00f3 amb els diferents encarregats, per a adequar la velocitat de les seves tasques als terminis preestablerts. Sempre que era necessari, es repartia l&#8217;equip de manera que les tasques m\u00e9s endarrerides es posessin al dia.<\/p>&#13;\n&#13;\n<h3 class=\"wp-block-heading\">Clau de l&#8217;\u00e8xit en el trasllat d&#8217;oficines<\/h3>&#13;\n&#13;\n<p><strong>Coordinador\/a:<\/strong> La figura del coordinador en una transfer\u00e8ncia corporativa \u00e9s vital, ja que \u00e9s el responsable de fer que tots els<strong>agents implicats actu\u00efn en la mateixa direcci\u00f3 i multipliquin els seus esfor\u00e7os.<\/strong> Si aquesta pe\u00e7a falla, \u00e9s molt probable que acabem presenciant una mudan\u00e7a ca\u00f2tica i plena de contratemps. Per garantir l&#8217;\u00e8xit d&#8217;aquest projecte, i per la seva complexitat, aquesta tasca va ser assignada a <a href=\"https:\/\/www.mudanzascontrol.com\/team\/manuel\/\" target=\"_blank\" rel=\"noreferrer noopener\">Manuel L\u00f3pez,<\/a>responsable de tr\u00e0nsit de la nostra empresa i pe\u00e7a clau en el desenvolupament de la nostra empresa durant anys.<\/p>&#13;\n&#13;\n<p>At\u00e8s que hi havia m\u00e9s d&#8217;un equip treballant de manera simult\u00e0nia, era indispensable que se sincronitzessin els seus treballs dia a dia. Per aix\u00f2, es van planificar diverses fites a aconseguir durant el trasllat de les oficines. Aquests punts de control van permetre un millor control del desenvolupament del treball i la capacitat d&#8217;accelerar aquelles <strong>tasques<\/strong> que es veien retardades parcialment.<\/p>&#13;\n&#13;\n<p><strong>Encarregats\/des:<\/strong> Els encarregats d&#8217;equip s\u00f3n tamb\u00e9 peces essencials en el correcte desenvolupament de <a href=\"https:\/\/www.mudanzascontrol.com\/ca\/mudances-oficina\/\" target=\"_blank\" rel=\"noreferrer noopener\">mudances d&#8217;oficines<\/a>. Com a responsables de l&#8217;equip al seu c\u00e0rrec, s\u00f3n les <strong>persones encarregades d&#8217;assignar les tasques espec\u00edfiques als seus companys i tamb\u00e9 de reportar al coordinador <\/strong>. Aix\u00ed, la seva posici\u00f3 no sols requereix d&#8217;una experi\u00e8ncia \u00e0mplia en el trasllat d&#8217;oficines, si no que exigeix un profund coneixement de les aptituds de cada membre de l&#8217;equip. A m\u00e9s, la seva visi\u00f3 perif\u00e8rica del treball assignat, li permet identificar maneres de simplificar els treballs.<\/p>&#13;\n&#13;\n<div class=\"wp-block-image\">&#13;\n<figure class=\"alignright size-medium\"><img loading=\"lazy\" decoding=\"async\" width=\"300\" height=\"300\" class=\"wp-image-4807\" src=\"https:\/\/www.mudanzascontrol.com\/wp-content\/uploads\/2020\/11\/Traslado-de-Oficinas-300x300.jpg\" alt=\"Mudances de Oficines a Barcelona\" srcset=\"https:\/\/www.mudanzascontrol.com\/wp-content\/uploads\/2020\/11\/Traslado-de-Oficinas-300x300.jpg 300w, https:\/\/www.mudanzascontrol.com\/wp-content\/uploads\/2020\/11\/Traslado-de-Oficinas-150x150.jpg 150w, https:\/\/www.mudanzascontrol.com\/wp-content\/uploads\/2020\/11\/Traslado-de-Oficinas-370x370.jpg 370w, https:\/\/www.mudanzascontrol.com\/wp-content\/uploads\/2020\/11\/Traslado-de-Oficinas-90x90.jpg 90w, https:\/\/www.mudanzascontrol.com\/wp-content\/uploads\/2020\/11\/Traslado-de-Oficinas.jpg 600w\" sizes=\"auto, (max-width: 300px) 100vw, 300px\" \/><\/figure>&#13;\n<\/div>&#13;\n&#13;\n<p><strong>Mitjans adequats:<\/strong> Finalment, \u00e9s tamb\u00e9 important comptar amb els mitjans adequats. Gr\u00e0cies a ells, vam poder garantir una reducci\u00f3 d&#8217;esfor\u00e7os i una major seguretat per als b\u00e9ns transportats.<\/p>&#13;\n&#13;\n<p>Un element indispensable per a aquest trasllat d&#8217;oficines han estat els carros <strong>roll-tainers<\/strong>. Aquests carros met\u00e0l\u00b7lics amb rodes permeten traslladar un important nombre de caixes amb la m\u00e0 d&#8217;obra d&#8217;un sol home. A m\u00e9s, els podem equipar amb safates, de manera que es converteixen en veritables prestatgeries m\u00f2bils. En alguns casos, els carros ens permeten traslladar grans volums de documentaci\u00f3 \u00e0gilment i de manera ordenada, sense utilitzar caixes. Aix\u00f2 resulta en un <strong>benefici doble<\/strong>; millora la <strong>efic\u00e0cia<\/strong> i tamb\u00e9 redueix l&#8217;impacte <strong>mediambientiental<\/strong>.<\/p>&#13;\n<p>Els roll-tainers tamb\u00e9 s\u00f3n \u00fatils per al trasllat d&#8217;equips delicats, ja que posseeixen parets met\u00e0l\u00b7liques que els protegiran de qualsevol impacte o frec durant el transport. Com a complement a aquests carros, sempre ser\u00e0 necessari treballar amb <strong>camions equipats amb plataforma elevadora<\/strong>.<\/p>&#13;\n&#13;\n<h4 class=\"wp-block-heading\">Predisposici\u00f3 del client<\/h4>&#13;\n&#13;\n<p>El projecte va estar liderat en tot moment per la Direcci\u00f3 de Qualitat i Seguretat del IMI. La proactivitat de les persones implicades ha perm\u00e8s adaptar-nos als canvis que ens hem trobat en el cam\u00ed. Per aix\u00f2, \u00e9s just dir que la seva feina ha facilitat que aquest <a href=\"https:\/\/www.mudanzascontrol.com\/mudanzas-22-poblenou\/\">trasllat en el 22@ de Barcelona<\/a> realitzat en temps r\u00e8cord sigui una realitat.<\/p>&#13;\n&#13;\n<h4 class=\"wp-block-heading\">Lliurament a temps<\/h4>&#13;\n&#13;\n<p>Finalment, i gr\u00e0cies als esfor\u00e7os de tot l&#8217;equip, hem estat capa\u00e7os de lliurar el projecte a temps, complint amb escreix amb les expectatives del client. A m\u00e9s, en aquest trasllat hem pogut estalviar m\u00e9s d&#8217;un 60% de caixes de cart\u00f3. Aix\u00ed, anotem un punt a favor de l&#8217;efic\u00e0cia i un altre a favor del medi ambient.<\/p>&#13;\n&#13;\n<h5 class=\"wp-block-heading\">Si necessita ajuda en el trasllat de la seva empresa, contacti amb Mudances Control, tenim la soluci\u00f3:<\/h5>&#13;\n<p>\u00a0<\/p>&#13;\n\r\n<div class=\"wp-block-buttons aligncenter is-layout-flex wp-block-buttons-is-layout-flex\">&#13;\n<div class=\"wp-block-button is-style-outline is-style-outline--1\"><a class=\"wp-block-button__link\" href=\"https:\/\/www.mudanzascontrol.com\/ca\/contacte\/\">Formulari de Contacte<\/a><\/div>&#13;\n<\/div>\r\n<p>&nbsp;<\/p>\n&#13;\n<h5 class=\"wp-block-heading\">Fotografies del projecte:<\/h5>&#13;\n<blockquote class=\"instagram-media\" style=\"background: #FFF; border: 0; border-radius: 3px; box-shadow: 0 0 1px 0 rgba(0,0,0,0.5),0 1px 10px 0 rgba(0,0,0,0.15); margin: 1px; max-width: 540px; min-width: 326px; padding: 0; width: calc(100% - 2px);\" data-instgrm-captioned=\"\" data-instgrm-permalink=\"https:\/\/www.instagram.com\/p\/CHu7DSXFLEg\/?utm_source=ig_embed&amp;utm_campaign=loading\" data-instgrm-version=\"13\">\n<div style=\"padding: 16px;\">\n<div style=\"display: flex; flex-direction: row; align-items: center;\">\n<div style=\"background-color: #f4f4f4; border-radius: 50%; flex-grow: 0; height: 40px; margin-right: 14px; width: 40px;\"> <\/div>\n<div style=\"display: flex; flex-direction: column; flex-grow: 1; justify-content: center;\">\n<div style=\"background-color: #f4f4f4; border-radius: 4px; flex-grow: 0; height: 14px; margin-bottom: 6px; width: 100px;\"> <\/div>\n<div style=\"background-color: #f4f4f4; border-radius: 4px; flex-grow: 0; height: 14px; width: 60px;\"> <\/div>\n<\/div>\n<\/div>\n<div style=\"padding: 19% 0;\"> <\/div>\n<div style=\"display: block; height: 50px; margin: 0 auto 12px; width: 50px;\"> <\/div>\n<div style=\"padding-top: 8px;\">\n<div style=\"color: #3897f0; font-family: Arial,sans-serif; font-size: 14px; font-style: normal; font-weight: 550; line-height: 18px;\">Veure aquesta publicaci\u00f3 en Instagram<\/div>\n<\/div>\n<div style=\"padding: 12.5% 0;\"> <\/div>\n<div style=\"display: flex; flex-direction: row; margin-bottom: 14px; align-items: center;\">\n<div>\n<div style=\"background-color: #f4f4f4; border-radius: 50%; height: 12.5px; width: 12.5px; transform: translateX(0px) translateY(7px);\"> <\/div>\n<div style=\"background-color: #f4f4f4; height: 12.5px; transform: rotate(-45deg) translateX(3px) translateY(1px); width: 12.5px; flex-grow: 0; margin-right: 14px; margin-left: 2px;\"> <\/div>\n<div style=\"background-color: #f4f4f4; border-radius: 50%; height: 12.5px; width: 12.5px; transform: translateX(9px) translateY(-18px);\"> <\/div>\n<\/div>\n<div style=\"margin-left: 8px;\">\n<div style=\"background-color: #f4f4f4; border-radius: 50%; flex-grow: 0; height: 20px; width: 20px;\"> <\/div>\n<div style=\"width: 0; height: 0; border-top: 2px solid transparent; border-left: 6px solid #f4f4f4; border-bottom: 2px solid transparent; transform: translateX(16px) translateY(-4px) rotate(30deg);\"> <\/div>\n<\/div>\n<div style=\"margin-left: auto;\">\n<div style=\"width: 0px; border-top: 8px solid #F4F4F4; border-right: 8px solid transparent; transform: translateY(16px);\"> <\/div>\n<div style=\"background-color: #f4f4f4; flex-grow: 0; height: 12px; width: 16px; transform: translateY(-4px);\"> <\/div>\n<div style=\"width: 0; height: 0; border-top: 8px solid #F4F4F4; border-left: 8px solid transparent; transform: translateY(-4px) translateX(8px);\"> <\/div>\n<\/div>\n<\/div>\n<div style=\"display: flex; flex-direction: column; flex-grow: 1; justify-content: center; margin-bottom: 24px;\">\n<div style=\"background-color: #f4f4f4; border-radius: 4px; flex-grow: 0; height: 14px; margin-bottom: 6px; width: 224px;\"> <\/div>\n<div style=\"background-color: #f4f4f4; border-radius: 4px; flex-grow: 0; height: 14px; width: 144px;\"> <\/div>\n<\/div>\n<p style=\"color: #c9c8cd; font-family: Arial,sans-serif; font-size: 14px; line-height: 17px; margin-bottom: 0; margin-top: 8px; overflow: hidden; padding: 8px 0 7px; text-align: center; text-overflow: ellipsis; white-space: nowrap;\"><a style=\"color: #c9c8cd; font-family: Arial,sans-serif; font-size: 14px; font-style: normal; font-weight: normal; line-height: 17px; text-decoration: none;\" href=\"https:\/\/www.instagram.com\/p\/CHu7DSXFLEg\/?utm_source=ig_embed&amp;utm_campaign=loading\" target=\"_blank\" rel=\"noopener noreferrer\">Una publicaci\u00f3 compartida de Mudanzas Control (@mudanzascontrol)<\/a><\/p>\n<\/div>\n<\/blockquote>\n<p><script async=\"\" src=\"\/\/www.instagram.com\/embed.js\"><\/script><\/p>\n","protected":false},"excerpt":{"rendered":"<p>Trasllat d&#8217;oficines en temps r\u00e8cord per a l&#8217;Institut Municipal d&#8217;Inform\u00e0tica de l&#8217;Ajuntament de Barcelona. Un nou projecte executat satisfact\u00f2riament per Mudances Control.<\/p>\n","protected":false},"author":5,"featured_media":4833,"comment_status":"closed","ping_status":"closed","sticky":false,"template":"","format":"standard","meta":{"footnotes":""},"categories":[61],"tags":[81,80,79],"class_list":["post-4848","post","type-post","status-publish","format-standard","has-post-thumbnail","hentry","category-projectes","tag-mudanca-doficina","tag-mudances","tag-trasllat-oficines"],"yoast_head":"<!-- This site is optimized with the Yoast SEO Premium plugin v27.1 (Yoast SEO v27.1.1) - https:\/\/yoast.com\/product\/yoast-seo-premium-wordpress\/ -->\n<title>Trasllat d&#039;Oficines en Temps R\u00e8cord | Mudanzas Control<\/title>\n<meta name=\"description\" content=\"Trasllat d&#039;oficines en temps r\u00e8cord per al Institut Municipal d&#039;Inform\u00e0tica de l&#039;Ajuntament de Barcelona Necessita ajuda en el seu trasllat?\" \/>\n<meta name=\"robots\" content=\"index, follow, max-snippet:-1, max-image-preview:large, max-video-preview:-1\" \/>\n<link rel=\"canonical\" href=\"https:\/\/www.mudanzascontrol.com\/ca\/trasllat-oficines-en-temps-record\/\" \/>\n<meta property=\"og:locale\" content=\"ca_ES\" \/>\n<meta property=\"og:type\" content=\"article\" \/>\n<meta property=\"og:title\" content=\"Trasllat d&#039;Oficines en Temps R\u00e8cord\" \/>\n<meta property=\"og:description\" content=\"Trasllat d&#039;oficines en temps r\u00e8cord per a l&#039;Institut Municipal d&#039;Inform\u00e0tica de l&#039;Ajuntament de Barcelona. Un nou projecte executat satisfact\u00f2riament per Mudances Control.\" \/>\n<meta property=\"og:url\" content=\"https:\/\/www.mudanzascontrol.com\/ca\/trasllat-oficines-en-temps-record\/\" \/>\n<meta property=\"og:site_name\" content=\"Mudanzas Control\" \/>\n<meta property=\"article:publisher\" content=\"https:\/\/es-es.facebook.com\/MudanzasControl\/\" \/>\n<meta property=\"article:published_time\" content=\"2020-11-19T08:56:41+00:00\" \/>\n<meta property=\"article:modified_time\" content=\"2025-03-22T22:51:59+00:00\" \/>\n<meta property=\"og:image\" content=\"https:\/\/www.mudanzascontrol.com\/wp-content\/uploads\/2020\/11\/Traslado-de-Oficinas-IMI-Barcelona.jpg\" \/>\n\t<meta property=\"og:image:width\" content=\"1280\" \/>\n\t<meta property=\"og:image:height\" content=\"690\" \/>\n\t<meta property=\"og:image:type\" content=\"image\/jpeg\" \/>\n<meta name=\"author\" content=\"Mudanzas Control\" \/>\n<meta name=\"twitter:card\" content=\"summary_large_image\" \/>\n<meta name=\"twitter:creator\" content=\"@MudanzasControl\" \/>\n<meta name=\"twitter:site\" content=\"@MudanzasControl\" \/>\n<meta name=\"twitter:label1\" content=\"Escrit per\" \/>\n\t<meta name=\"twitter:data1\" content=\"Mudanzas Control\" \/>\n\t<meta name=\"twitter:label2\" content=\"Temps estimat de lectura\" \/>\n\t<meta name=\"twitter:data2\" content=\"5 minuts\" \/>\n<script type=\"application\/ld+json\" class=\"yoast-schema-graph\">{\"@context\":\"https:\/\/schema.org\",\"@graph\":[{\"@type\":\"Article\",\"@id\":\"https:\/\/www.mudanzascontrol.com\/ca\/trasllat-oficines-en-temps-record\/#article\",\"isPartOf\":{\"@id\":\"https:\/\/www.mudanzascontrol.com\/ca\/trasllat-oficines-en-temps-record\/\"},\"author\":{\"name\":\"Mudanzas Control\",\"@id\":\"https:\/\/www.mudanzascontrol.com\/#\/schema\/person\/35e645e606be7465bff2382d84063a8c\"},\"headline\":\"Trasllat d&#8217;Oficines en Temps R\u00e8cord\",\"datePublished\":\"2020-11-19T08:56:41+00:00\",\"dateModified\":\"2025-03-22T22:51:59+00:00\",\"mainEntityOfPage\":{\"@id\":\"https:\/\/www.mudanzascontrol.com\/ca\/trasllat-oficines-en-temps-record\/\"},\"wordCount\":1070,\"publisher\":{\"@id\":\"https:\/\/www.mudanzascontrol.com\/#organization\"},\"image\":{\"@id\":\"https:\/\/www.mudanzascontrol.com\/ca\/trasllat-oficines-en-temps-record\/#primaryimage\"},\"thumbnailUrl\":\"https:\/\/www.mudanzascontrol.com\/wp-content\/uploads\/2020\/11\/Traslado-de-Oficinas-IMI-Barcelona.jpg\",\"keywords\":[\"mudan\u00e7a d'oficina\",\"mudances\",\"trasllat oficines\"],\"articleSection\":[\"Projectes\"],\"inLanguage\":\"ca\"},{\"@type\":\"WebPage\",\"@id\":\"https:\/\/www.mudanzascontrol.com\/ca\/trasllat-oficines-en-temps-record\/\",\"url\":\"https:\/\/www.mudanzascontrol.com\/ca\/trasllat-oficines-en-temps-record\/\",\"name\":\"Trasllat d'Oficines en Temps R\u00e8cord | Mudanzas Control\",\"isPartOf\":{\"@id\":\"https:\/\/www.mudanzascontrol.com\/#website\"},\"primaryImageOfPage\":{\"@id\":\"https:\/\/www.mudanzascontrol.com\/ca\/trasllat-oficines-en-temps-record\/#primaryimage\"},\"image\":{\"@id\":\"https:\/\/www.mudanzascontrol.com\/ca\/trasllat-oficines-en-temps-record\/#primaryimage\"},\"thumbnailUrl\":\"https:\/\/www.mudanzascontrol.com\/wp-content\/uploads\/2020\/11\/Traslado-de-Oficinas-IMI-Barcelona.jpg\",\"datePublished\":\"2020-11-19T08:56:41+00:00\",\"dateModified\":\"2025-03-22T22:51:59+00:00\",\"description\":\"Trasllat d'oficines en temps r\u00e8cord per al Institut Municipal d'Inform\u00e0tica de l'Ajuntament de Barcelona Necessita ajuda en el seu trasllat?\",\"breadcrumb\":{\"@id\":\"https:\/\/www.mudanzascontrol.com\/ca\/trasllat-oficines-en-temps-record\/#breadcrumb\"},\"inLanguage\":\"ca\",\"potentialAction\":[{\"@type\":\"ReadAction\",\"target\":[\"https:\/\/www.mudanzascontrol.com\/ca\/trasllat-oficines-en-temps-record\/\"]}]},{\"@type\":\"ImageObject\",\"inLanguage\":\"ca\",\"@id\":\"https:\/\/www.mudanzascontrol.com\/ca\/trasllat-oficines-en-temps-record\/#primaryimage\",\"url\":\"https:\/\/www.mudanzascontrol.com\/wp-content\/uploads\/2020\/11\/Traslado-de-Oficinas-IMI-Barcelona.jpg\",\"contentUrl\":\"https:\/\/www.mudanzascontrol.com\/wp-content\/uploads\/2020\/11\/Traslado-de-Oficinas-IMI-Barcelona.jpg\",\"width\":1280,\"height\":690,\"caption\":\"Trasllat Oficines IMI Barcelona\"},{\"@type\":\"BreadcrumbList\",\"@id\":\"https:\/\/www.mudanzascontrol.com\/ca\/trasllat-oficines-en-temps-record\/#breadcrumb\",\"itemListElement\":[{\"@type\":\"ListItem\",\"position\":1,\"name\":\"Portada\",\"item\":\"https:\/\/www.mudanzascontrol.com\/ca\/inicio\/\"},{\"@type\":\"ListItem\",\"position\":2,\"name\":\"Trasllat d&#8217;Oficines en Temps R\u00e8cord\"}]},{\"@type\":\"WebSite\",\"@id\":\"https:\/\/www.mudanzascontrol.com\/#website\",\"url\":\"https:\/\/www.mudanzascontrol.com\/\",\"name\":\"Mudanzas Control\",\"description\":\"Empresa de Mudanzas en Barcelona\",\"publisher\":{\"@id\":\"https:\/\/www.mudanzascontrol.com\/#organization\"},\"alternateName\":\"CONTROL Mudanzas Barcelona\",\"potentialAction\":[{\"@type\":\"SearchAction\",\"target\":{\"@type\":\"EntryPoint\",\"urlTemplate\":\"https:\/\/www.mudanzascontrol.com\/?s={search_term_string}\"},\"query-input\":{\"@type\":\"PropertyValueSpecification\",\"valueRequired\":true,\"valueName\":\"search_term_string\"}}],\"inLanguage\":\"ca\"},{\"@type\":\"Organization\",\"@id\":\"https:\/\/www.mudanzascontrol.com\/#organization\",\"name\":\"CONTROL Mudanzas\",\"url\":\"https:\/\/www.mudanzascontrol.com\/\",\"logo\":{\"@type\":\"ImageObject\",\"inLanguage\":\"ca\",\"@id\":\"https:\/\/www.mudanzascontrol.com\/#\/schema\/logo\/image\/\",\"url\":\"https:\/\/www.mudanzascontrol.com\/wp-content\/uploads\/2019\/08\/Control-Mudanzas-Barcelona.jpg\",\"contentUrl\":\"https:\/\/www.mudanzascontrol.com\/wp-content\/uploads\/2019\/08\/Control-Mudanzas-Barcelona.jpg\",\"width\":500,\"height\":125,\"caption\":\"CONTROL Mudanzas\"},\"image\":{\"@id\":\"https:\/\/www.mudanzascontrol.com\/#\/schema\/logo\/image\/\"},\"sameAs\":[\"https:\/\/es-es.facebook.com\/MudanzasControl\/\",\"https:\/\/x.com\/MudanzasControl\",\"https:\/\/www.instagram.com\/mudanzascontrol\/\",\"https:\/\/www.linkedin.com\/company\/control-mudanzas-sl\",\"https:\/\/www.pinterest.es\/mudanzascontrol\/\",\"https:\/\/www.youtube.com\/user\/Guardamuebles1\"],\"description\":\"Empresa de mudanzas ubicada en Barcelona\",\"email\":\"comercial@mudanzascontrol.com\",\"telephone\":\"933340100\",\"legalName\":\"CONSORCIO DE TRANSITO Y ORGANIZACI\u00d3N LOG\u00cdSTICA EN MUDANZAS, SLU\",\"vatID\":\"B61104253\",\"taxID\":\"B61104253\",\"numberOfEmployees\":{\"@type\":\"QuantitativeValue\",\"minValue\":\"11\",\"maxValue\":\"50\"}},{\"@type\":\"Person\",\"@id\":\"https:\/\/www.mudanzascontrol.com\/#\/schema\/person\/35e645e606be7465bff2382d84063a8c\",\"name\":\"Mudanzas Control\",\"image\":{\"@type\":\"ImageObject\",\"inLanguage\":\"ca\",\"@id\":\"https:\/\/www.mudanzascontrol.com\/#\/schema\/person\/image\/\",\"url\":\"https:\/\/secure.gravatar.com\/avatar\/08f1fc6e9b2f728187b8ffffd2a1783d2a57d29a313d8f779fae926d6972148c?s=96&d=mm&r=g\",\"contentUrl\":\"https:\/\/secure.gravatar.com\/avatar\/08f1fc6e9b2f728187b8ffffd2a1783d2a57d29a313d8f779fae926d6972148c?s=96&d=mm&r=g\",\"caption\":\"Mudanzas Control\"},\"url\":\"https:\/\/www.mudanzascontrol.com\/ca\/author\/miguel\/\"}]}<\/script>\n<!-- \/ Yoast SEO Premium plugin. -->","yoast_head_json":{"title":"Trasllat d'Oficines en Temps R\u00e8cord | Mudanzas Control","description":"Trasllat d'oficines en temps r\u00e8cord per al Institut Municipal d'Inform\u00e0tica de l'Ajuntament de Barcelona Necessita ajuda en el seu trasllat?","robots":{"index":"index","follow":"follow","max-snippet":"max-snippet:-1","max-image-preview":"max-image-preview:large","max-video-preview":"max-video-preview:-1"},"canonical":"https:\/\/www.mudanzascontrol.com\/ca\/trasllat-oficines-en-temps-record\/","og_locale":"ca_ES","og_type":"article","og_title":"Trasllat d'Oficines en Temps R\u00e8cord","og_description":"Trasllat d'oficines en temps r\u00e8cord per a l'Institut Municipal d'Inform\u00e0tica de l'Ajuntament de Barcelona. Un nou projecte executat satisfact\u00f2riament per Mudances Control.","og_url":"https:\/\/www.mudanzascontrol.com\/ca\/trasllat-oficines-en-temps-record\/","og_site_name":"Mudanzas Control","article_publisher":"https:\/\/es-es.facebook.com\/MudanzasControl\/","article_published_time":"2020-11-19T08:56:41+00:00","article_modified_time":"2025-03-22T22:51:59+00:00","og_image":[{"width":1280,"height":690,"url":"https:\/\/www.mudanzascontrol.com\/wp-content\/uploads\/2020\/11\/Traslado-de-Oficinas-IMI-Barcelona.jpg","type":"image\/jpeg"}],"author":"Mudanzas Control","twitter_card":"summary_large_image","twitter_creator":"@MudanzasControl","twitter_site":"@MudanzasControl","twitter_misc":{"Escrit per":"Mudanzas Control","Temps estimat de lectura":"5 minuts"},"schema":{"@context":"https:\/\/schema.org","@graph":[{"@type":"Article","@id":"https:\/\/www.mudanzascontrol.com\/ca\/trasllat-oficines-en-temps-record\/#article","isPartOf":{"@id":"https:\/\/www.mudanzascontrol.com\/ca\/trasllat-oficines-en-temps-record\/"},"author":{"name":"Mudanzas Control","@id":"https:\/\/www.mudanzascontrol.com\/#\/schema\/person\/35e645e606be7465bff2382d84063a8c"},"headline":"Trasllat d&#8217;Oficines en Temps R\u00e8cord","datePublished":"2020-11-19T08:56:41+00:00","dateModified":"2025-03-22T22:51:59+00:00","mainEntityOfPage":{"@id":"https:\/\/www.mudanzascontrol.com\/ca\/trasllat-oficines-en-temps-record\/"},"wordCount":1070,"publisher":{"@id":"https:\/\/www.mudanzascontrol.com\/#organization"},"image":{"@id":"https:\/\/www.mudanzascontrol.com\/ca\/trasllat-oficines-en-temps-record\/#primaryimage"},"thumbnailUrl":"https:\/\/www.mudanzascontrol.com\/wp-content\/uploads\/2020\/11\/Traslado-de-Oficinas-IMI-Barcelona.jpg","keywords":["mudan\u00e7a d'oficina","mudances","trasllat oficines"],"articleSection":["Projectes"],"inLanguage":"ca"},{"@type":"WebPage","@id":"https:\/\/www.mudanzascontrol.com\/ca\/trasllat-oficines-en-temps-record\/","url":"https:\/\/www.mudanzascontrol.com\/ca\/trasllat-oficines-en-temps-record\/","name":"Trasllat d'Oficines en Temps R\u00e8cord | Mudanzas Control","isPartOf":{"@id":"https:\/\/www.mudanzascontrol.com\/#website"},"primaryImageOfPage":{"@id":"https:\/\/www.mudanzascontrol.com\/ca\/trasllat-oficines-en-temps-record\/#primaryimage"},"image":{"@id":"https:\/\/www.mudanzascontrol.com\/ca\/trasllat-oficines-en-temps-record\/#primaryimage"},"thumbnailUrl":"https:\/\/www.mudanzascontrol.com\/wp-content\/uploads\/2020\/11\/Traslado-de-Oficinas-IMI-Barcelona.jpg","datePublished":"2020-11-19T08:56:41+00:00","dateModified":"2025-03-22T22:51:59+00:00","description":"Trasllat d'oficines en temps r\u00e8cord per al Institut Municipal d'Inform\u00e0tica de l'Ajuntament de Barcelona Necessita ajuda en el seu trasllat?","breadcrumb":{"@id":"https:\/\/www.mudanzascontrol.com\/ca\/trasllat-oficines-en-temps-record\/#breadcrumb"},"inLanguage":"ca","potentialAction":[{"@type":"ReadAction","target":["https:\/\/www.mudanzascontrol.com\/ca\/trasllat-oficines-en-temps-record\/"]}]},{"@type":"ImageObject","inLanguage":"ca","@id":"https:\/\/www.mudanzascontrol.com\/ca\/trasllat-oficines-en-temps-record\/#primaryimage","url":"https:\/\/www.mudanzascontrol.com\/wp-content\/uploads\/2020\/11\/Traslado-de-Oficinas-IMI-Barcelona.jpg","contentUrl":"https:\/\/www.mudanzascontrol.com\/wp-content\/uploads\/2020\/11\/Traslado-de-Oficinas-IMI-Barcelona.jpg","width":1280,"height":690,"caption":"Trasllat Oficines IMI Barcelona"},{"@type":"BreadcrumbList","@id":"https:\/\/www.mudanzascontrol.com\/ca\/trasllat-oficines-en-temps-record\/#breadcrumb","itemListElement":[{"@type":"ListItem","position":1,"name":"Portada","item":"https:\/\/www.mudanzascontrol.com\/ca\/inicio\/"},{"@type":"ListItem","position":2,"name":"Trasllat d&#8217;Oficines en Temps R\u00e8cord"}]},{"@type":"WebSite","@id":"https:\/\/www.mudanzascontrol.com\/#website","url":"https:\/\/www.mudanzascontrol.com\/","name":"Mudanzas Control","description":"Empresa de Mudanzas en Barcelona","publisher":{"@id":"https:\/\/www.mudanzascontrol.com\/#organization"},"alternateName":"CONTROL Mudanzas Barcelona","potentialAction":[{"@type":"SearchAction","target":{"@type":"EntryPoint","urlTemplate":"https:\/\/www.mudanzascontrol.com\/?s={search_term_string}"},"query-input":{"@type":"PropertyValueSpecification","valueRequired":true,"valueName":"search_term_string"}}],"inLanguage":"ca"},{"@type":"Organization","@id":"https:\/\/www.mudanzascontrol.com\/#organization","name":"CONTROL Mudanzas","url":"https:\/\/www.mudanzascontrol.com\/","logo":{"@type":"ImageObject","inLanguage":"ca","@id":"https:\/\/www.mudanzascontrol.com\/#\/schema\/logo\/image\/","url":"https:\/\/www.mudanzascontrol.com\/wp-content\/uploads\/2019\/08\/Control-Mudanzas-Barcelona.jpg","contentUrl":"https:\/\/www.mudanzascontrol.com\/wp-content\/uploads\/2019\/08\/Control-Mudanzas-Barcelona.jpg","width":500,"height":125,"caption":"CONTROL Mudanzas"},"image":{"@id":"https:\/\/www.mudanzascontrol.com\/#\/schema\/logo\/image\/"},"sameAs":["https:\/\/es-es.facebook.com\/MudanzasControl\/","https:\/\/x.com\/MudanzasControl","https:\/\/www.instagram.com\/mudanzascontrol\/","https:\/\/www.linkedin.com\/company\/control-mudanzas-sl","https:\/\/www.pinterest.es\/mudanzascontrol\/","https:\/\/www.youtube.com\/user\/Guardamuebles1"],"description":"Empresa de mudanzas ubicada en Barcelona","email":"comercial@mudanzascontrol.com","telephone":"933340100","legalName":"CONSORCIO DE TRANSITO Y ORGANIZACI\u00d3N LOG\u00cdSTICA EN MUDANZAS, SLU","vatID":"B61104253","taxID":"B61104253","numberOfEmployees":{"@type":"QuantitativeValue","minValue":"11","maxValue":"50"}},{"@type":"Person","@id":"https:\/\/www.mudanzascontrol.com\/#\/schema\/person\/35e645e606be7465bff2382d84063a8c","name":"Mudanzas Control","image":{"@type":"ImageObject","inLanguage":"ca","@id":"https:\/\/www.mudanzascontrol.com\/#\/schema\/person\/image\/","url":"https:\/\/secure.gravatar.com\/avatar\/08f1fc6e9b2f728187b8ffffd2a1783d2a57d29a313d8f779fae926d6972148c?s=96&d=mm&r=g","contentUrl":"https:\/\/secure.gravatar.com\/avatar\/08f1fc6e9b2f728187b8ffffd2a1783d2a57d29a313d8f779fae926d6972148c?s=96&d=mm&r=g","caption":"Mudanzas Control"},"url":"https:\/\/www.mudanzascontrol.com\/ca\/author\/miguel\/"}]}},"_links":{"self":[{"href":"https:\/\/www.mudanzascontrol.com\/ca\/wp-json\/wp\/v2\/posts\/4848","targetHints":{"allow":["GET"]}}],"collection":[{"href":"https:\/\/www.mudanzascontrol.com\/ca\/wp-json\/wp\/v2\/posts"}],"about":[{"href":"https:\/\/www.mudanzascontrol.com\/ca\/wp-json\/wp\/v2\/types\/post"}],"author":[{"embeddable":true,"href":"https:\/\/www.mudanzascontrol.com\/ca\/wp-json\/wp\/v2\/users\/5"}],"replies":[{"embeddable":true,"href":"https:\/\/www.mudanzascontrol.com\/ca\/wp-json\/wp\/v2\/comments?post=4848"}],"version-history":[{"count":0,"href":"https:\/\/www.mudanzascontrol.com\/ca\/wp-json\/wp\/v2\/posts\/4848\/revisions"}],"wp:featuredmedia":[{"embeddable":true,"href":"https:\/\/www.mudanzascontrol.com\/ca\/wp-json\/wp\/v2\/media\/4833"}],"wp:attachment":[{"href":"https:\/\/www.mudanzascontrol.com\/ca\/wp-json\/wp\/v2\/media?parent=4848"}],"wp:term":[{"taxonomy":"category","embeddable":true,"href":"https:\/\/www.mudanzascontrol.com\/ca\/wp-json\/wp\/v2\/categories?post=4848"},{"taxonomy":"post_tag","embeddable":true,"href":"https:\/\/www.mudanzascontrol.com\/ca\/wp-json\/wp\/v2\/tags?post=4848"}],"curies":[{"name":"wp","href":"https:\/\/api.w.org\/{rel}","templated":true}]}}