{"id":6588,"date":"2019-10-01T16:24:47","date_gmt":"2019-10-01T15:24:47","guid":{"rendered":"https:\/\/www.mudanzascontrol.com\/trasllat-de-maquines-i-oficines-del-centre-catala-del-plastic\/"},"modified":"2025-04-05T20:26:15","modified_gmt":"2025-04-05T19:26:15","slug":"trasllat-de-maquines-i-oficines-del-centre-catala-del-plastic","status":"publish","type":"post","link":"https:\/\/www.mudanzascontrol.com\/ca\/trasllat-de-maquines-i-oficines-del-centre-catala-del-plastic\/","title":{"rendered":"Trasllat de m\u00e0quines i oficines del Centre Catal\u00e0 del Pl\u00e0stic"},"content":{"rendered":"\n<h2 class=\"has-text-align-center wp-block-heading\">Trasllat de m\u00e0quines i equips d&#8217; assaig per al Centre Catal\u00e0 del Pl\u00e0stic<\/h2>\n\n<p>El projecte per al trasllat integral del Centre Catal\u00e0 del Pl\u00e0stic ha incl\u00f2s el trasllat de m\u00e0quines pesades com injectadores i extrusores, equips d&#8217; assaig i tamb\u00e9 material de les seves oficines, incloent documentaci\u00f3 i equips inform\u00e0tics.<\/p>\n\n<h3 class=\"wp-block-heading\">Qui s\u00f3n?<\/h3>\n\n<p>El Centre Catal\u00e0 del Pl\u00e0stic \u00e9s un centre p\u00fablic d&#8217; R + D de car\u00e0cter consorcial, integrat per la Generalitat de Catalunya, la Universitat Polit\u00e8cnica de Catalunya, l&#8217; Ajuntament de Terrassa i les associacions m\u00e9s representatives a nivell nacional del sector industrial del pl\u00e0stic.<\/p>\n\n<h4 class=\"wp-block-heading\">Dades sobre el trasllat<\/h4>\n\n<p>El trasllat s&#8217;ha realitzat des de l&#8217;edifici Vapor Universitari de Terrassa fins al Campus Diagonal-Bes\u00f2s de la Universitat Polit\u00e8cnica de Catalunya, edifici destinat a la recerca i doc\u00e8ncia.<\/p>\n\n<p>Els treballs s&#8217;han dut a terme per personal especialitzat de la nostra empresa en estreta col\u00b7laboraci\u00f3 i coordinaci\u00f3 amb el promotor del trasllat, Voracys, i amb tots els t\u00e8cnics especialistes necessaris per al desmuntatge, muntatge i calibratge de cada equip.  <\/p>\n\n<p>El paper de Voracys, empresa especialista en projectes d&#8217;obra i adjudicat\u00e0ria del projecte d&#8217;obra d&#8217;adequaci\u00f3 dels nous espais al Campus Diagonal-Bes\u00f2s, ha estat fonamental per al desenvolupament del trasllat. La seva tasca ha perm\u00e8s una perfecta coordinaci\u00f3 de les diferents empreses involucrades; instal\u00b7ladors, t\u00e8cnics, empresa de mudances, etc. <\/p>\n\n<h4 class=\"wp-block-heading\">Retrobament:<\/h4>\n\n<p>El trasllat del Centre Catal\u00e0 del Pl\u00e0stic ens ha servit per retrobar-nos amb t\u00e8cnics de la UPC amb els quals ja vam estar treballant durant diversos mesos l&#8217;any 2016. Aquell any vam ser els encarregats de traslladar L&#8217;Escola T\u00e8cnica Industrial (EUETIB) des de l&#8217;emblem\u00e0tic edifici del carrer Comte Urgell al nou Campus Diagonal-Bes\u00f2s a l&#8217;Escola d&#8217;Enginyeria Barcelona Est (EEBE). <\/p>\n\n<h4 class=\"wp-block-heading\">La import\u00e0ncia del Reciclatge:<\/h4>\n\n<p>Utilitzant paraules de Greenpeace: &#8220;Els pl\u00e0stics han pres la Terra&#8221;. La seva creixent producci\u00f3 i \u00fas amenacen de contaminar cada rac\u00f3 del planeta, especialment els mars, destinaci\u00f3 final de molts d&#8217;ells, on perjudiquen seriosament la salut dels ecosistemes aqu\u00e0tics i la superviv\u00e8ncia de les esp\u00e8cies que els pugen. <\/p>\n\n<p>El Centre Catal\u00e0 del Pl\u00e0stic, per la seva activitat, contribueix a la recuperaci\u00f3 de pl\u00e0stics i promou l&#8217;\u00fas de materials pl\u00e0stics reciclats en aplicacions industrials i investiguen el reciclat de pl\u00e0stics i la seva aplicaci\u00f3 en productes tecnol\u00f2gics d&#8217;alt valor afegit, com peces d&#8217;automoci\u00f3 i elements de construcci\u00f3 tots ells fabricats amb pl\u00e0stics reciclats.<\/p>\n\n<p>Des de Mudances Control, a m\u00e9s d&#8217;autodevenir les normes de gesti\u00f3 incloses sota la norma ISO 14001 de medi ambient, busquem constantment solucions per reduir el consum de pl\u00e0stics en tots els nostres serveis. Actualment prioritzem la utilitzaci\u00f3 d&#8217;embalatges amb cartr\u00f3 100% reciclat enfront de la utilitzaci\u00f3 del conegut pl\u00e0stic de bombolla i del film retr\u00e0ctil. Aix\u00ed mateix, disposem de fundes reutilitzables per a la protecci\u00f3 de carreuat i mobiliari, la qual cosa ens ha perm\u00e8s reduir el consum de pl\u00e0stics de manera notable en els \u00faltims anys.  <\/p>\n","protected":false},"excerpt":{"rendered":"<p>El projecte per al trasllat integral del Centre Catal\u00e0 del Pl\u00e0stic ha incl\u00f2s el trasllat de m\u00e0quines pesades com injectadores i extrusores, equips d&#8217;assaig i tamb\u00e9 material d&#8217;oficina.<\/p>\n","protected":false},"author":5,"featured_media":2823,"comment_status":"closed","ping_status":"closed","sticky":false,"template":"","format":"standard","meta":{"footnotes":""},"categories":[61],"tags":[117,79],"class_list":["post-6588","post","type-post","status-publish","format-standard","has-post-thumbnail","hentry","category-projectes","tag-trasllat-de-maquinaria","tag-trasllat-oficines"],"yoast_head":"<!-- This site is optimized with the Yoast SEO Premium plugin v27.1 (Yoast SEO v27.1.1) - https:\/\/yoast.com\/product\/yoast-seo-premium-wordpress\/ -->\n<title>Trasllat Centre Catal\u00e0 del Pl\u00e0stic - Mudances Control<\/title>\n<meta name=\"description\" content=\"Projecte de trasllat de m\u00e0quines i equips d&#039; assaig per al Centre Catal\u00e0 del Pl\u00e0stic. Mudances Control, especialista en trasllats d&#039; empresa\" \/>\n<meta name=\"robots\" content=\"index, follow, max-snippet:-1, max-image-preview:large, max-video-preview:-1\" \/>\n<link rel=\"canonical\" href=\"https:\/\/www.mudanzascontrol.com\/ca\/trasllat-de-maquines-i-oficines-del-centre-catala-del-plastic\/\" \/>\n<meta property=\"og:locale\" content=\"ca_ES\" \/>\n<meta property=\"og:type\" content=\"article\" \/>\n<meta property=\"og:title\" content=\"Trasllat de m\u00e0quines i oficines del Centre Catal\u00e0 del Pl\u00e0stic\" \/>\n<meta property=\"og:description\" content=\"El projecte per al trasllat integral del Centre Catal\u00e0 del Pl\u00e0stic ha incl\u00f2s el trasllat de m\u00e0quines pesades com injectadores i extrusores, equips d&#039;assaig i tamb\u00e9 material d&#039;oficina.\" \/>\n<meta property=\"og:url\" content=\"https:\/\/www.mudanzascontrol.com\/ca\/trasllat-de-maquines-i-oficines-del-centre-catala-del-plastic\/\" \/>\n<meta property=\"og:site_name\" content=\"Mudanzas Control\" \/>\n<meta property=\"article:publisher\" content=\"https:\/\/es-es.facebook.com\/MudanzasControl\/\" \/>\n<meta property=\"article:published_time\" content=\"2019-10-01T15:24:47+00:00\" \/>\n<meta property=\"article:modified_time\" content=\"2025-04-05T19:26:15+00:00\" \/>\n<meta property=\"og:image\" content=\"https:\/\/www.mudanzascontrol.com\/wp-content\/uploads\/2019\/10\/Portada-traslado-maquinas-ccp2.jpg\" \/>\n\t<meta property=\"og:image:width\" content=\"2100\" \/>\n\t<meta property=\"og:image:height\" content=\"1237\" \/>\n\t<meta property=\"og:image:type\" content=\"image\/jpeg\" \/>\n<meta name=\"author\" content=\"Mudanzas Control\" \/>\n<meta name=\"twitter:card\" content=\"summary_large_image\" \/>\n<meta name=\"twitter:creator\" content=\"@MudanzasControl\" \/>\n<meta name=\"twitter:site\" content=\"@MudanzasControl\" \/>\n<meta name=\"twitter:label1\" content=\"Escrit per\" \/>\n\t<meta name=\"twitter:data1\" content=\"Mudanzas Control\" \/>\n\t<meta name=\"twitter:label2\" content=\"Temps estimat de lectura\" \/>\n\t<meta name=\"twitter:data2\" content=\"3 minuts\" \/>\n<script type=\"application\/ld+json\" class=\"yoast-schema-graph\">{\"@context\":\"https:\/\/schema.org\",\"@graph\":[{\"@type\":\"Article\",\"@id\":\"https:\/\/www.mudanzascontrol.com\/ca\/trasllat-de-maquines-i-oficines-del-centre-catala-del-plastic\/#article\",\"isPartOf\":{\"@id\":\"https:\/\/www.mudanzascontrol.com\/ca\/trasllat-de-maquines-i-oficines-del-centre-catala-del-plastic\/\"},\"author\":{\"name\":\"Mudanzas Control\",\"@id\":\"https:\/\/www.mudanzascontrol.com\/#\/schema\/person\/35e645e606be7465bff2382d84063a8c\"},\"headline\":\"Trasllat de m\u00e0quines i oficines del Centre Catal\u00e0 del Pl\u00e0stic\",\"datePublished\":\"2019-10-01T15:24:47+00:00\",\"dateModified\":\"2025-04-05T19:26:15+00:00\",\"mainEntityOfPage\":{\"@id\":\"https:\/\/www.mudanzascontrol.com\/ca\/trasllat-de-maquines-i-oficines-del-centre-catala-del-plastic\/\"},\"wordCount\":540,\"publisher\":{\"@id\":\"https:\/\/www.mudanzascontrol.com\/#organization\"},\"image\":{\"@id\":\"https:\/\/www.mudanzascontrol.com\/ca\/trasllat-de-maquines-i-oficines-del-centre-catala-del-plastic\/#primaryimage\"},\"thumbnailUrl\":\"https:\/\/www.mudanzascontrol.com\/wp-content\/uploads\/2019\/10\/Portada-traslado-maquinas-ccp2.jpg\",\"keywords\":[\"trasllat de maquin\u00e0ria\",\"trasllat oficines\"],\"articleSection\":[\"Projectes\"],\"inLanguage\":\"ca\"},{\"@type\":\"WebPage\",\"@id\":\"https:\/\/www.mudanzascontrol.com\/ca\/trasllat-de-maquines-i-oficines-del-centre-catala-del-plastic\/\",\"url\":\"https:\/\/www.mudanzascontrol.com\/ca\/trasllat-de-maquines-i-oficines-del-centre-catala-del-plastic\/\",\"name\":\"Trasllat Centre Catal\u00e0 del Pl\u00e0stic - Mudances Control\",\"isPartOf\":{\"@id\":\"https:\/\/www.mudanzascontrol.com\/#website\"},\"primaryImageOfPage\":{\"@id\":\"https:\/\/www.mudanzascontrol.com\/ca\/trasllat-de-maquines-i-oficines-del-centre-catala-del-plastic\/#primaryimage\"},\"image\":{\"@id\":\"https:\/\/www.mudanzascontrol.com\/ca\/trasllat-de-maquines-i-oficines-del-centre-catala-del-plastic\/#primaryimage\"},\"thumbnailUrl\":\"https:\/\/www.mudanzascontrol.com\/wp-content\/uploads\/2019\/10\/Portada-traslado-maquinas-ccp2.jpg\",\"datePublished\":\"2019-10-01T15:24:47+00:00\",\"dateModified\":\"2025-04-05T19:26:15+00:00\",\"description\":\"Projecte de trasllat de m\u00e0quines i equips d' assaig per al Centre Catal\u00e0 del Pl\u00e0stic. Mudances Control, especialista en trasllats d' empresa\",\"breadcrumb\":{\"@id\":\"https:\/\/www.mudanzascontrol.com\/ca\/trasllat-de-maquines-i-oficines-del-centre-catala-del-plastic\/#breadcrumb\"},\"inLanguage\":\"ca\",\"potentialAction\":[{\"@type\":\"ReadAction\",\"target\":[\"https:\/\/www.mudanzascontrol.com\/ca\/trasllat-de-maquines-i-oficines-del-centre-catala-del-plastic\/\"]}]},{\"@type\":\"ImageObject\",\"inLanguage\":\"ca\",\"@id\":\"https:\/\/www.mudanzascontrol.com\/ca\/trasllat-de-maquines-i-oficines-del-centre-catala-del-plastic\/#primaryimage\",\"url\":\"https:\/\/www.mudanzascontrol.com\/wp-content\/uploads\/2019\/10\/Portada-traslado-maquinas-ccp2.jpg\",\"contentUrl\":\"https:\/\/www.mudanzascontrol.com\/wp-content\/uploads\/2019\/10\/Portada-traslado-maquinas-ccp2.jpg\",\"width\":2100,\"height\":1237,\"caption\":\"traslado de m\u00e1quinas y equipos de ensayo\"},{\"@type\":\"BreadcrumbList\",\"@id\":\"https:\/\/www.mudanzascontrol.com\/ca\/trasllat-de-maquines-i-oficines-del-centre-catala-del-plastic\/#breadcrumb\",\"itemListElement\":[{\"@type\":\"ListItem\",\"position\":1,\"name\":\"Portada\",\"item\":\"https:\/\/www.mudanzascontrol.com\/ca\/inicio\/\"},{\"@type\":\"ListItem\",\"position\":2,\"name\":\"Trasllat de m\u00e0quines i oficines del Centre Catal\u00e0 del Pl\u00e0stic\"}]},{\"@type\":\"WebSite\",\"@id\":\"https:\/\/www.mudanzascontrol.com\/#website\",\"url\":\"https:\/\/www.mudanzascontrol.com\/\",\"name\":\"Mudanzas Control\",\"description\":\"Empresa de Mudanzas en Barcelona\",\"publisher\":{\"@id\":\"https:\/\/www.mudanzascontrol.com\/#organization\"},\"alternateName\":\"CONTROL Mudanzas Barcelona\",\"potentialAction\":[{\"@type\":\"SearchAction\",\"target\":{\"@type\":\"EntryPoint\",\"urlTemplate\":\"https:\/\/www.mudanzascontrol.com\/?s={search_term_string}\"},\"query-input\":{\"@type\":\"PropertyValueSpecification\",\"valueRequired\":true,\"valueName\":\"search_term_string\"}}],\"inLanguage\":\"ca\"},{\"@type\":\"Organization\",\"@id\":\"https:\/\/www.mudanzascontrol.com\/#organization\",\"name\":\"CONTROL Mudanzas\",\"url\":\"https:\/\/www.mudanzascontrol.com\/\",\"logo\":{\"@type\":\"ImageObject\",\"inLanguage\":\"ca\",\"@id\":\"https:\/\/www.mudanzascontrol.com\/#\/schema\/logo\/image\/\",\"url\":\"https:\/\/www.mudanzascontrol.com\/wp-content\/uploads\/2019\/08\/Control-Mudanzas-Barcelona.jpg\",\"contentUrl\":\"https:\/\/www.mudanzascontrol.com\/wp-content\/uploads\/2019\/08\/Control-Mudanzas-Barcelona.jpg\",\"width\":500,\"height\":125,\"caption\":\"CONTROL Mudanzas\"},\"image\":{\"@id\":\"https:\/\/www.mudanzascontrol.com\/#\/schema\/logo\/image\/\"},\"sameAs\":[\"https:\/\/es-es.facebook.com\/MudanzasControl\/\",\"https:\/\/x.com\/MudanzasControl\",\"https:\/\/www.instagram.com\/mudanzascontrol\/\",\"https:\/\/www.linkedin.com\/company\/control-mudanzas-sl\",\"https:\/\/www.pinterest.es\/mudanzascontrol\/\",\"https:\/\/www.youtube.com\/user\/Guardamuebles1\"],\"description\":\"Empresa de mudanzas ubicada en Barcelona\",\"email\":\"comercial@mudanzascontrol.com\",\"telephone\":\"933340100\",\"legalName\":\"CONSORCIO DE TRANSITO Y ORGANIZACI\u00d3N LOG\u00cdSTICA EN MUDANZAS, SLU\",\"vatID\":\"B61104253\",\"taxID\":\"B61104253\",\"numberOfEmployees\":{\"@type\":\"QuantitativeValue\",\"minValue\":\"11\",\"maxValue\":\"50\"}},{\"@type\":\"Person\",\"@id\":\"https:\/\/www.mudanzascontrol.com\/#\/schema\/person\/35e645e606be7465bff2382d84063a8c\",\"name\":\"Mudanzas Control\",\"image\":{\"@type\":\"ImageObject\",\"inLanguage\":\"ca\",\"@id\":\"https:\/\/www.mudanzascontrol.com\/#\/schema\/person\/image\/\",\"url\":\"https:\/\/secure.gravatar.com\/avatar\/08f1fc6e9b2f728187b8ffffd2a1783d2a57d29a313d8f779fae926d6972148c?s=96&d=mm&r=g\",\"contentUrl\":\"https:\/\/secure.gravatar.com\/avatar\/08f1fc6e9b2f728187b8ffffd2a1783d2a57d29a313d8f779fae926d6972148c?s=96&d=mm&r=g\",\"caption\":\"Mudanzas Control\"},\"url\":\"https:\/\/www.mudanzascontrol.com\/ca\/author\/miguel\/\"}]}<\/script>\n<!-- \/ Yoast SEO Premium plugin. -->","yoast_head_json":{"title":"Trasllat Centre Catal\u00e0 del Pl\u00e0stic - Mudances Control","description":"Projecte de trasllat de m\u00e0quines i equips d' assaig per al Centre Catal\u00e0 del Pl\u00e0stic. Mudances Control, especialista en trasllats d' empresa","robots":{"index":"index","follow":"follow","max-snippet":"max-snippet:-1","max-image-preview":"max-image-preview:large","max-video-preview":"max-video-preview:-1"},"canonical":"https:\/\/www.mudanzascontrol.com\/ca\/trasllat-de-maquines-i-oficines-del-centre-catala-del-plastic\/","og_locale":"ca_ES","og_type":"article","og_title":"Trasllat de m\u00e0quines i oficines del Centre Catal\u00e0 del Pl\u00e0stic","og_description":"El projecte per al trasllat integral del Centre Catal\u00e0 del Pl\u00e0stic ha incl\u00f2s el trasllat de m\u00e0quines pesades com injectadores i extrusores, equips d'assaig i tamb\u00e9 material d'oficina.","og_url":"https:\/\/www.mudanzascontrol.com\/ca\/trasllat-de-maquines-i-oficines-del-centre-catala-del-plastic\/","og_site_name":"Mudanzas Control","article_publisher":"https:\/\/es-es.facebook.com\/MudanzasControl\/","article_published_time":"2019-10-01T15:24:47+00:00","article_modified_time":"2025-04-05T19:26:15+00:00","og_image":[{"width":2100,"height":1237,"url":"https:\/\/www.mudanzascontrol.com\/wp-content\/uploads\/2019\/10\/Portada-traslado-maquinas-ccp2.jpg","type":"image\/jpeg"}],"author":"Mudanzas Control","twitter_card":"summary_large_image","twitter_creator":"@MudanzasControl","twitter_site":"@MudanzasControl","twitter_misc":{"Escrit per":"Mudanzas Control","Temps estimat de lectura":"3 minuts"},"schema":{"@context":"https:\/\/schema.org","@graph":[{"@type":"Article","@id":"https:\/\/www.mudanzascontrol.com\/ca\/trasllat-de-maquines-i-oficines-del-centre-catala-del-plastic\/#article","isPartOf":{"@id":"https:\/\/www.mudanzascontrol.com\/ca\/trasllat-de-maquines-i-oficines-del-centre-catala-del-plastic\/"},"author":{"name":"Mudanzas Control","@id":"https:\/\/www.mudanzascontrol.com\/#\/schema\/person\/35e645e606be7465bff2382d84063a8c"},"headline":"Trasllat de m\u00e0quines i oficines del Centre Catal\u00e0 del Pl\u00e0stic","datePublished":"2019-10-01T15:24:47+00:00","dateModified":"2025-04-05T19:26:15+00:00","mainEntityOfPage":{"@id":"https:\/\/www.mudanzascontrol.com\/ca\/trasllat-de-maquines-i-oficines-del-centre-catala-del-plastic\/"},"wordCount":540,"publisher":{"@id":"https:\/\/www.mudanzascontrol.com\/#organization"},"image":{"@id":"https:\/\/www.mudanzascontrol.com\/ca\/trasllat-de-maquines-i-oficines-del-centre-catala-del-plastic\/#primaryimage"},"thumbnailUrl":"https:\/\/www.mudanzascontrol.com\/wp-content\/uploads\/2019\/10\/Portada-traslado-maquinas-ccp2.jpg","keywords":["trasllat de maquin\u00e0ria","trasllat oficines"],"articleSection":["Projectes"],"inLanguage":"ca"},{"@type":"WebPage","@id":"https:\/\/www.mudanzascontrol.com\/ca\/trasllat-de-maquines-i-oficines-del-centre-catala-del-plastic\/","url":"https:\/\/www.mudanzascontrol.com\/ca\/trasllat-de-maquines-i-oficines-del-centre-catala-del-plastic\/","name":"Trasllat Centre Catal\u00e0 del Pl\u00e0stic - Mudances Control","isPartOf":{"@id":"https:\/\/www.mudanzascontrol.com\/#website"},"primaryImageOfPage":{"@id":"https:\/\/www.mudanzascontrol.com\/ca\/trasllat-de-maquines-i-oficines-del-centre-catala-del-plastic\/#primaryimage"},"image":{"@id":"https:\/\/www.mudanzascontrol.com\/ca\/trasllat-de-maquines-i-oficines-del-centre-catala-del-plastic\/#primaryimage"},"thumbnailUrl":"https:\/\/www.mudanzascontrol.com\/wp-content\/uploads\/2019\/10\/Portada-traslado-maquinas-ccp2.jpg","datePublished":"2019-10-01T15:24:47+00:00","dateModified":"2025-04-05T19:26:15+00:00","description":"Projecte de trasllat de m\u00e0quines i equips d' assaig per al Centre Catal\u00e0 del Pl\u00e0stic. Mudances Control, especialista en trasllats d' empresa","breadcrumb":{"@id":"https:\/\/www.mudanzascontrol.com\/ca\/trasllat-de-maquines-i-oficines-del-centre-catala-del-plastic\/#breadcrumb"},"inLanguage":"ca","potentialAction":[{"@type":"ReadAction","target":["https:\/\/www.mudanzascontrol.com\/ca\/trasllat-de-maquines-i-oficines-del-centre-catala-del-plastic\/"]}]},{"@type":"ImageObject","inLanguage":"ca","@id":"https:\/\/www.mudanzascontrol.com\/ca\/trasllat-de-maquines-i-oficines-del-centre-catala-del-plastic\/#primaryimage","url":"https:\/\/www.mudanzascontrol.com\/wp-content\/uploads\/2019\/10\/Portada-traslado-maquinas-ccp2.jpg","contentUrl":"https:\/\/www.mudanzascontrol.com\/wp-content\/uploads\/2019\/10\/Portada-traslado-maquinas-ccp2.jpg","width":2100,"height":1237,"caption":"traslado de m\u00e1quinas y equipos de ensayo"},{"@type":"BreadcrumbList","@id":"https:\/\/www.mudanzascontrol.com\/ca\/trasllat-de-maquines-i-oficines-del-centre-catala-del-plastic\/#breadcrumb","itemListElement":[{"@type":"ListItem","position":1,"name":"Portada","item":"https:\/\/www.mudanzascontrol.com\/ca\/inicio\/"},{"@type":"ListItem","position":2,"name":"Trasllat de m\u00e0quines i oficines del Centre Catal\u00e0 del Pl\u00e0stic"}]},{"@type":"WebSite","@id":"https:\/\/www.mudanzascontrol.com\/#website","url":"https:\/\/www.mudanzascontrol.com\/","name":"Mudanzas Control","description":"Empresa de Mudanzas en Barcelona","publisher":{"@id":"https:\/\/www.mudanzascontrol.com\/#organization"},"alternateName":"CONTROL Mudanzas Barcelona","potentialAction":[{"@type":"SearchAction","target":{"@type":"EntryPoint","urlTemplate":"https:\/\/www.mudanzascontrol.com\/?s={search_term_string}"},"query-input":{"@type":"PropertyValueSpecification","valueRequired":true,"valueName":"search_term_string"}}],"inLanguage":"ca"},{"@type":"Organization","@id":"https:\/\/www.mudanzascontrol.com\/#organization","name":"CONTROL Mudanzas","url":"https:\/\/www.mudanzascontrol.com\/","logo":{"@type":"ImageObject","inLanguage":"ca","@id":"https:\/\/www.mudanzascontrol.com\/#\/schema\/logo\/image\/","url":"https:\/\/www.mudanzascontrol.com\/wp-content\/uploads\/2019\/08\/Control-Mudanzas-Barcelona.jpg","contentUrl":"https:\/\/www.mudanzascontrol.com\/wp-content\/uploads\/2019\/08\/Control-Mudanzas-Barcelona.jpg","width":500,"height":125,"caption":"CONTROL Mudanzas"},"image":{"@id":"https:\/\/www.mudanzascontrol.com\/#\/schema\/logo\/image\/"},"sameAs":["https:\/\/es-es.facebook.com\/MudanzasControl\/","https:\/\/x.com\/MudanzasControl","https:\/\/www.instagram.com\/mudanzascontrol\/","https:\/\/www.linkedin.com\/company\/control-mudanzas-sl","https:\/\/www.pinterest.es\/mudanzascontrol\/","https:\/\/www.youtube.com\/user\/Guardamuebles1"],"description":"Empresa de mudanzas ubicada en Barcelona","email":"comercial@mudanzascontrol.com","telephone":"933340100","legalName":"CONSORCIO DE TRANSITO Y ORGANIZACI\u00d3N LOG\u00cdSTICA EN MUDANZAS, SLU","vatID":"B61104253","taxID":"B61104253","numberOfEmployees":{"@type":"QuantitativeValue","minValue":"11","maxValue":"50"}},{"@type":"Person","@id":"https:\/\/www.mudanzascontrol.com\/#\/schema\/person\/35e645e606be7465bff2382d84063a8c","name":"Mudanzas Control","image":{"@type":"ImageObject","inLanguage":"ca","@id":"https:\/\/www.mudanzascontrol.com\/#\/schema\/person\/image\/","url":"https:\/\/secure.gravatar.com\/avatar\/08f1fc6e9b2f728187b8ffffd2a1783d2a57d29a313d8f779fae926d6972148c?s=96&d=mm&r=g","contentUrl":"https:\/\/secure.gravatar.com\/avatar\/08f1fc6e9b2f728187b8ffffd2a1783d2a57d29a313d8f779fae926d6972148c?s=96&d=mm&r=g","caption":"Mudanzas Control"},"url":"https:\/\/www.mudanzascontrol.com\/ca\/author\/miguel\/"}]}},"_links":{"self":[{"href":"https:\/\/www.mudanzascontrol.com\/ca\/wp-json\/wp\/v2\/posts\/6588","targetHints":{"allow":["GET"]}}],"collection":[{"href":"https:\/\/www.mudanzascontrol.com\/ca\/wp-json\/wp\/v2\/posts"}],"about":[{"href":"https:\/\/www.mudanzascontrol.com\/ca\/wp-json\/wp\/v2\/types\/post"}],"author":[{"embeddable":true,"href":"https:\/\/www.mudanzascontrol.com\/ca\/wp-json\/wp\/v2\/users\/5"}],"replies":[{"embeddable":true,"href":"https:\/\/www.mudanzascontrol.com\/ca\/wp-json\/wp\/v2\/comments?post=6588"}],"version-history":[{"count":0,"href":"https:\/\/www.mudanzascontrol.com\/ca\/wp-json\/wp\/v2\/posts\/6588\/revisions"}],"wp:featuredmedia":[{"embeddable":true,"href":"https:\/\/www.mudanzascontrol.com\/ca\/wp-json\/wp\/v2\/media\/2823"}],"wp:attachment":[{"href":"https:\/\/www.mudanzascontrol.com\/ca\/wp-json\/wp\/v2\/media?parent=6588"}],"wp:term":[{"taxonomy":"category","embeddable":true,"href":"https:\/\/www.mudanzascontrol.com\/ca\/wp-json\/wp\/v2\/categories?post=6588"},{"taxonomy":"post_tag","embeddable":true,"href":"https:\/\/www.mudanzascontrol.com\/ca\/wp-json\/wp\/v2\/tags?post=6588"}],"curies":[{"name":"wp","href":"https:\/\/api.w.org\/{rel}","templated":true}]}}