{"id":6591,"date":"2018-08-29T19:00:09","date_gmt":"2018-08-29T18:00:09","guid":{"rendered":"https:\/\/www.mudanzascontrol.com\/trasllat-de-llibres-i-oficines-dels-registres-de-la-propietat-de-barcelona\/"},"modified":"2025-04-05T20:26:18","modified_gmt":"2025-04-05T19:26:18","slug":"trasllat-de-llibres-i-oficines-dels-registres-de-la-propietat-de-barcelona","status":"publish","type":"post","link":"https:\/\/www.mudanzascontrol.com\/ca\/trasllat-de-llibres-i-oficines-dels-registres-de-la-propietat-de-barcelona\/","title":{"rendered":"Trasllat de llibres i oficines dels Registres de la Propietat de Barcelona"},"content":{"rendered":"&#13;\n<h2 class=\"has-text-align-center wp-block-heading\">Trasllat registres de la propietat<\/h2>&#13;\n&#13;\n<p>El trasllat d&#8217;oficines i llibres dels Registres de la Propietat de Barcelona es va dur a terme entre els dies 6 i 29 d&#8217;agost de 2018. Un total de 27 Registres de la Propietat van ser traslladats per la nostra empresa des del carrer Joan Mir\u00f3, 19-21 de Barcelona al nou edifici ubicat al Passeig Zona Franca. <\/p>&#13;\n&#13;\n<h3 class=\"wp-block-heading\">Motivacions per al trasllat dels Registres de la propietat de Barcelona<\/h3>&#13;\n&#13;\n<p>Les noves instal\u00b7lacions compten amb 6.400 metres quadrats distribu\u00efts entre oficines i arxiu privat per a cadascun dels Registres. El moviment segueix la tend\u00e8ncia de grans empreses com el Grup AGBAR (Aig\u00fces de Barcelona) i l&#8217;Ag\u00e8ncia Tribut\u00e0ria de Catalunya que ja s&#8217;havien mudat a la zona anteriorment. Es consolida aix\u00ed un proc\u00e9s de dinamitzaci\u00f3 als voltants del Passeig de la Zona Franca que ve promovent-se des de fa anys.  <\/p>&#13;\n&#13;\n<h4 class=\"wp-block-heading\">Repte organitzatiu<\/h4>&#13;\n&#13;\n<p>L&#8217;operaci\u00f3 va suposar un important repte organitzatiu, ja que en tan sols 3 setmanes es van reubicar amb \u00e8xit el total dels 27 Registres de la Propietat: un total de 2.200 metres c\u00fabics de mobiliari i m\u00e9s de 36.000 llibres procedents de l&#8217;arxiu.<\/p>&#13;\n&#13;\n<p>Posat en altres xifres, seria l&#8217;equivalent a m\u00e9s de 70 camions de mudan\u00e7a amb el mobiliari i estris d&#8217;oficina i al voltant de 2,4 quil\u00f2metres d&#8217;arxius posats en l\u00ednia recta.<\/p>&#13;\n&#13;\n<p>Especial atenci\u00f3 mereix el trasllat dels llibres que s&#8217;ha dut a terme garantint la seva cust\u00f2dia durant el transport i que ha incl\u00f2s la recol\u00b7locaci\u00f3 d&#8217;arxius mantenint la seva mateixa classificaci\u00f3 que en origen. Paral\u00b7lelament, es van modificar i adaptar algunes de les prestatgeries per millorar la seva ordenaci\u00f3 i maximitzar la capacitat d&#8217;emmagatzematge. L&#8217; experi\u00e8ncia i formaci\u00f3 del nostre personal en aquest tipus de trasllats han suposat la millor garantia d&#8217; \u00e8xit per a un projecte summament exigent.  <\/p>&#13;\n&#13;\n<p>Aquest projecte suposa per a Mudances Control un altre \u00e8xit a sumar als ja aconseguits per l&#8217;empresa durant la seua traject\u00f2ria, i reafirma el seu comprom\u00eds amb la qualitat i la millora cont\u00ednua. Si ho desitja, en els seg\u00fcents botons trobar\u00e0 m\u00e9s informaci\u00f3 sobre els principals serveis relacionats amb aquest projecte. <\/p>&#13;\n\r\n<div class=\"wp-block-buttons aligncenter is-layout-flex wp-block-buttons-is-layout-flex\">&#13;\n<div class=\"wp-block-button is-style-outline is-style-outline--1\"><a class=\"wp-block-button__link has-text-color\" style=\"color: #10228a;\" href=\"https:\/\/www.mudanzascontrol.com\/ca\/trasllat-d-arxius-i-biblioteques\/\" target=\"_blank\" rel=\"noreferrer noopener\">Trasllat d&#8217; Arxius<\/a><\/div>&#13;\n\r\n\r\n&#13;\n<div class=\"wp-block-button is-style-outline is-style-outline--2\"><a class=\"wp-block-button__link has-text-color\" style=\"color: #10228a;\" href=\"https:\/\/www.mudanzascontrol.com\/ca\/mudances-oficina\/\" target=\"_blank\" rel=\"noreferrer noopener\">Mudances d&#8217;Oficines<\/a><\/div>&#13;\n\r\n\r\n&#13;\n<div class=\"wp-block-button is-style-outline is-style-outline--3\"><a class=\"wp-block-button__link has-text-color\" style=\"color: #10228a;\" href=\"https:\/\/www.mudanzascontrol.com\/ca\/guardamobles\/\" target=\"_blank\" rel=\"noreferrer noopener\">Guardamobles<\/a><\/div>&#13;\n\r\n\r\n&#13;\n<div class=\"wp-block-button is-style-outline is-style-outline--4\"><a class=\"wp-block-button__link has-text-color\" style=\"color: #10228a;\" href=\"https:\/\/www.mudanzascontrol.com\/ca\/transport-obres-art\/\" target=\"_blank\" rel=\"noreferrer noopener\">Trasllat d&#8217; Obres d&#8217; Art<\/a><\/div>&#13;\n<\/div>\r\n","protected":false},"excerpt":{"rendered":"<p>&#13; Trasllat registres de la propietat &#13; &#13; El trasllat d&#8217;oficines i llibres dels Registres de la Propietat de Barcelona es va dur a terme entre els dies 6 i 29 d&#8217;agost de 2018. Un total de 27 Registres de&hellip;<\/p>\n","protected":false},"author":5,"featured_media":2883,"comment_status":"closed","ping_status":"closed","sticky":false,"template":"","format":"standard","meta":{"footnotes":""},"categories":[61],"tags":[121,122,79],"class_list":["post-6591","post","type-post","status-publish","format-standard","has-post-thumbnail","hentry","category-projectes","tag-trasllat-d-arxius","tag-trasllat-de-llibres","tag-trasllat-oficines"],"yoast_head":"<!-- This site is optimized with the Yoast SEO Premium plugin v27.1 (Yoast SEO v27.1.1) - https:\/\/yoast.com\/product\/yoast-seo-premium-wordpress\/ -->\n<title>Trasllat Registres Propietat Barcelona - Mudances Control<\/title>\n<meta name=\"description\" content=\"El trasllat de llibres i oficines dels Registres de la Propietat de Barcelona es va dur a terme per part de Mudances Control el 2018\" \/>\n<meta name=\"robots\" content=\"index, follow, max-snippet:-1, max-image-preview:large, max-video-preview:-1\" \/>\n<link rel=\"canonical\" href=\"https:\/\/www.mudanzascontrol.com\/ca\/trasllat-de-llibres-i-oficines-dels-registres-de-la-propietat-de-barcelona\/\" \/>\n<meta property=\"og:locale\" content=\"ca_ES\" \/>\n<meta property=\"og:type\" content=\"article\" \/>\n<meta property=\"og:title\" content=\"Trasllat de llibres i oficines dels Registres de la Propietat de Barcelona\" \/>\n<meta property=\"og:description\" content=\"&#013; Trasllat registres de la propietat&#013; &#013; El trasllat d&#039;oficines i llibres dels Registres de la Propietat de Barcelona es va dur a terme entre\" \/>\n<meta property=\"og:url\" content=\"https:\/\/www.mudanzascontrol.com\/ca\/trasllat-de-llibres-i-oficines-dels-registres-de-la-propietat-de-barcelona\/\" \/>\n<meta property=\"og:site_name\" content=\"Mudanzas Control\" \/>\n<meta property=\"article:publisher\" content=\"https:\/\/es-es.facebook.com\/MudanzasControl\/\" \/>\n<meta property=\"article:published_time\" content=\"2018-08-29T18:00:09+00:00\" \/>\n<meta property=\"article:modified_time\" content=\"2025-04-05T19:26:18+00:00\" \/>\n<meta property=\"og:image\" content=\"https:\/\/www.mudanzascontrol.com\/wp-content\/uploads\/2019\/10\/Torre-Marina-retoque.jpg\" \/>\n\t<meta property=\"og:image:width\" content=\"4032\" \/>\n\t<meta property=\"og:image:height\" content=\"3024\" \/>\n\t<meta property=\"og:image:type\" content=\"image\/jpeg\" \/>\n<meta name=\"author\" content=\"Mudanzas Control\" \/>\n<meta name=\"twitter:card\" content=\"summary_large_image\" \/>\n<meta name=\"twitter:creator\" content=\"@MudanzasControl\" \/>\n<meta name=\"twitter:site\" content=\"@MudanzasControl\" \/>\n<meta name=\"twitter:label1\" content=\"Escrit per\" \/>\n\t<meta name=\"twitter:data1\" content=\"Mudanzas Control\" \/>\n\t<meta name=\"twitter:label2\" content=\"Temps estimat de lectura\" \/>\n\t<meta name=\"twitter:data2\" content=\"2 minuts\" \/>\n<script type=\"application\/ld+json\" class=\"yoast-schema-graph\">{\"@context\":\"https:\/\/schema.org\",\"@graph\":[{\"@type\":\"Article\",\"@id\":\"https:\/\/www.mudanzascontrol.com\/ca\/trasllat-de-llibres-i-oficines-dels-registres-de-la-propietat-de-barcelona\/#article\",\"isPartOf\":{\"@id\":\"https:\/\/www.mudanzascontrol.com\/ca\/trasllat-de-llibres-i-oficines-dels-registres-de-la-propietat-de-barcelona\/\"},\"author\":{\"name\":\"Mudanzas Control\",\"@id\":\"https:\/\/www.mudanzascontrol.com\/#\/schema\/person\/35e645e606be7465bff2382d84063a8c\"},\"headline\":\"Trasllat de llibres i oficines dels Registres de la Propietat de Barcelona\",\"datePublished\":\"2018-08-29T18:00:09+00:00\",\"dateModified\":\"2025-04-05T19:26:18+00:00\",\"mainEntityOfPage\":{\"@id\":\"https:\/\/www.mudanzascontrol.com\/ca\/trasllat-de-llibres-i-oficines-dels-registres-de-la-propietat-de-barcelona\/\"},\"wordCount\":396,\"publisher\":{\"@id\":\"https:\/\/www.mudanzascontrol.com\/#organization\"},\"image\":{\"@id\":\"https:\/\/www.mudanzascontrol.com\/ca\/trasllat-de-llibres-i-oficines-dels-registres-de-la-propietat-de-barcelona\/#primaryimage\"},\"thumbnailUrl\":\"https:\/\/www.mudanzascontrol.com\/wp-content\/uploads\/2019\/10\/Torre-Marina-retoque.jpg\",\"keywords\":[\"trasllat d' arxius\",\"trasllat de llibres\",\"trasllat oficines\"],\"articleSection\":[\"Projectes\"],\"inLanguage\":\"ca\"},{\"@type\":\"WebPage\",\"@id\":\"https:\/\/www.mudanzascontrol.com\/ca\/trasllat-de-llibres-i-oficines-dels-registres-de-la-propietat-de-barcelona\/\",\"url\":\"https:\/\/www.mudanzascontrol.com\/ca\/trasllat-de-llibres-i-oficines-dels-registres-de-la-propietat-de-barcelona\/\",\"name\":\"Trasllat Registres Propietat Barcelona - Mudances Control\",\"isPartOf\":{\"@id\":\"https:\/\/www.mudanzascontrol.com\/#website\"},\"primaryImageOfPage\":{\"@id\":\"https:\/\/www.mudanzascontrol.com\/ca\/trasllat-de-llibres-i-oficines-dels-registres-de-la-propietat-de-barcelona\/#primaryimage\"},\"image\":{\"@id\":\"https:\/\/www.mudanzascontrol.com\/ca\/trasllat-de-llibres-i-oficines-dels-registres-de-la-propietat-de-barcelona\/#primaryimage\"},\"thumbnailUrl\":\"https:\/\/www.mudanzascontrol.com\/wp-content\/uploads\/2019\/10\/Torre-Marina-retoque.jpg\",\"datePublished\":\"2018-08-29T18:00:09+00:00\",\"dateModified\":\"2025-04-05T19:26:18+00:00\",\"description\":\"El trasllat de llibres i oficines dels Registres de la Propietat de Barcelona es va dur a terme per part de Mudances Control el 2018\",\"breadcrumb\":{\"@id\":\"https:\/\/www.mudanzascontrol.com\/ca\/trasllat-de-llibres-i-oficines-dels-registres-de-la-propietat-de-barcelona\/#breadcrumb\"},\"inLanguage\":\"ca\",\"potentialAction\":[{\"@type\":\"ReadAction\",\"target\":[\"https:\/\/www.mudanzascontrol.com\/ca\/trasllat-de-llibres-i-oficines-dels-registres-de-la-propietat-de-barcelona\/\"]}]},{\"@type\":\"ImageObject\",\"inLanguage\":\"ca\",\"@id\":\"https:\/\/www.mudanzascontrol.com\/ca\/trasllat-de-llibres-i-oficines-dels-registres-de-la-propietat-de-barcelona\/#primaryimage\",\"url\":\"https:\/\/www.mudanzascontrol.com\/wp-content\/uploads\/2019\/10\/Torre-Marina-retoque.jpg\",\"contentUrl\":\"https:\/\/www.mudanzascontrol.com\/wp-content\/uploads\/2019\/10\/Torre-Marina-retoque.jpg\",\"width\":4032,\"height\":3024,\"caption\":\"Traslado de libros del Registro Propiedad Barcelona\"},{\"@type\":\"BreadcrumbList\",\"@id\":\"https:\/\/www.mudanzascontrol.com\/ca\/trasllat-de-llibres-i-oficines-dels-registres-de-la-propietat-de-barcelona\/#breadcrumb\",\"itemListElement\":[{\"@type\":\"ListItem\",\"position\":1,\"name\":\"Portada\",\"item\":\"https:\/\/www.mudanzascontrol.com\/ca\/inicio\/\"},{\"@type\":\"ListItem\",\"position\":2,\"name\":\"Trasllat de llibres i oficines dels Registres de la Propietat de Barcelona\"}]},{\"@type\":\"WebSite\",\"@id\":\"https:\/\/www.mudanzascontrol.com\/#website\",\"url\":\"https:\/\/www.mudanzascontrol.com\/\",\"name\":\"Mudanzas Control\",\"description\":\"Empresa de Mudanzas en Barcelona\",\"publisher\":{\"@id\":\"https:\/\/www.mudanzascontrol.com\/#organization\"},\"alternateName\":\"CONTROL Mudanzas Barcelona\",\"potentialAction\":[{\"@type\":\"SearchAction\",\"target\":{\"@type\":\"EntryPoint\",\"urlTemplate\":\"https:\/\/www.mudanzascontrol.com\/?s={search_term_string}\"},\"query-input\":{\"@type\":\"PropertyValueSpecification\",\"valueRequired\":true,\"valueName\":\"search_term_string\"}}],\"inLanguage\":\"ca\"},{\"@type\":\"Organization\",\"@id\":\"https:\/\/www.mudanzascontrol.com\/#organization\",\"name\":\"CONTROL Mudanzas\",\"url\":\"https:\/\/www.mudanzascontrol.com\/\",\"logo\":{\"@type\":\"ImageObject\",\"inLanguage\":\"ca\",\"@id\":\"https:\/\/www.mudanzascontrol.com\/#\/schema\/logo\/image\/\",\"url\":\"https:\/\/www.mudanzascontrol.com\/wp-content\/uploads\/2019\/08\/Control-Mudanzas-Barcelona.jpg\",\"contentUrl\":\"https:\/\/www.mudanzascontrol.com\/wp-content\/uploads\/2019\/08\/Control-Mudanzas-Barcelona.jpg\",\"width\":500,\"height\":125,\"caption\":\"CONTROL Mudanzas\"},\"image\":{\"@id\":\"https:\/\/www.mudanzascontrol.com\/#\/schema\/logo\/image\/\"},\"sameAs\":[\"https:\/\/es-es.facebook.com\/MudanzasControl\/\",\"https:\/\/x.com\/MudanzasControl\",\"https:\/\/www.instagram.com\/mudanzascontrol\/\",\"https:\/\/www.linkedin.com\/company\/control-mudanzas-sl\",\"https:\/\/www.pinterest.es\/mudanzascontrol\/\",\"https:\/\/www.youtube.com\/user\/Guardamuebles1\"],\"description\":\"Empresa de mudanzas ubicada en Barcelona\",\"email\":\"comercial@mudanzascontrol.com\",\"telephone\":\"933340100\",\"legalName\":\"CONSORCIO DE TRANSITO Y ORGANIZACI\u00d3N LOG\u00cdSTICA EN MUDANZAS, SLU\",\"vatID\":\"B61104253\",\"taxID\":\"B61104253\",\"numberOfEmployees\":{\"@type\":\"QuantitativeValue\",\"minValue\":\"11\",\"maxValue\":\"50\"}},{\"@type\":\"Person\",\"@id\":\"https:\/\/www.mudanzascontrol.com\/#\/schema\/person\/35e645e606be7465bff2382d84063a8c\",\"name\":\"Mudanzas Control\",\"image\":{\"@type\":\"ImageObject\",\"inLanguage\":\"ca\",\"@id\":\"https:\/\/www.mudanzascontrol.com\/#\/schema\/person\/image\/\",\"url\":\"https:\/\/secure.gravatar.com\/avatar\/08f1fc6e9b2f728187b8ffffd2a1783d2a57d29a313d8f779fae926d6972148c?s=96&d=mm&r=g\",\"contentUrl\":\"https:\/\/secure.gravatar.com\/avatar\/08f1fc6e9b2f728187b8ffffd2a1783d2a57d29a313d8f779fae926d6972148c?s=96&d=mm&r=g\",\"caption\":\"Mudanzas Control\"},\"url\":\"https:\/\/www.mudanzascontrol.com\/ca\/author\/miguel\/\"}]}<\/script>\n<!-- \/ Yoast SEO Premium plugin. -->","yoast_head_json":{"title":"Trasllat Registres Propietat Barcelona - Mudances Control","description":"El trasllat de llibres i oficines dels Registres de la Propietat de Barcelona es va dur a terme per part de Mudances Control el 2018","robots":{"index":"index","follow":"follow","max-snippet":"max-snippet:-1","max-image-preview":"max-image-preview:large","max-video-preview":"max-video-preview:-1"},"canonical":"https:\/\/www.mudanzascontrol.com\/ca\/trasllat-de-llibres-i-oficines-dels-registres-de-la-propietat-de-barcelona\/","og_locale":"ca_ES","og_type":"article","og_title":"Trasllat de llibres i oficines dels Registres de la Propietat de Barcelona","og_description":"&#13; Trasllat registres de la propietat&#13; &#13; El trasllat d'oficines i llibres dels Registres de la Propietat de Barcelona es va dur a terme entre","og_url":"https:\/\/www.mudanzascontrol.com\/ca\/trasllat-de-llibres-i-oficines-dels-registres-de-la-propietat-de-barcelona\/","og_site_name":"Mudanzas Control","article_publisher":"https:\/\/es-es.facebook.com\/MudanzasControl\/","article_published_time":"2018-08-29T18:00:09+00:00","article_modified_time":"2025-04-05T19:26:18+00:00","og_image":[{"width":4032,"height":3024,"url":"https:\/\/www.mudanzascontrol.com\/wp-content\/uploads\/2019\/10\/Torre-Marina-retoque.jpg","type":"image\/jpeg"}],"author":"Mudanzas Control","twitter_card":"summary_large_image","twitter_creator":"@MudanzasControl","twitter_site":"@MudanzasControl","twitter_misc":{"Escrit per":"Mudanzas Control","Temps estimat de lectura":"2 minuts"},"schema":{"@context":"https:\/\/schema.org","@graph":[{"@type":"Article","@id":"https:\/\/www.mudanzascontrol.com\/ca\/trasllat-de-llibres-i-oficines-dels-registres-de-la-propietat-de-barcelona\/#article","isPartOf":{"@id":"https:\/\/www.mudanzascontrol.com\/ca\/trasllat-de-llibres-i-oficines-dels-registres-de-la-propietat-de-barcelona\/"},"author":{"name":"Mudanzas Control","@id":"https:\/\/www.mudanzascontrol.com\/#\/schema\/person\/35e645e606be7465bff2382d84063a8c"},"headline":"Trasllat de llibres i oficines dels Registres de la Propietat de Barcelona","datePublished":"2018-08-29T18:00:09+00:00","dateModified":"2025-04-05T19:26:18+00:00","mainEntityOfPage":{"@id":"https:\/\/www.mudanzascontrol.com\/ca\/trasllat-de-llibres-i-oficines-dels-registres-de-la-propietat-de-barcelona\/"},"wordCount":396,"publisher":{"@id":"https:\/\/www.mudanzascontrol.com\/#organization"},"image":{"@id":"https:\/\/www.mudanzascontrol.com\/ca\/trasllat-de-llibres-i-oficines-dels-registres-de-la-propietat-de-barcelona\/#primaryimage"},"thumbnailUrl":"https:\/\/www.mudanzascontrol.com\/wp-content\/uploads\/2019\/10\/Torre-Marina-retoque.jpg","keywords":["trasllat d' arxius","trasllat de llibres","trasllat oficines"],"articleSection":["Projectes"],"inLanguage":"ca"},{"@type":"WebPage","@id":"https:\/\/www.mudanzascontrol.com\/ca\/trasllat-de-llibres-i-oficines-dels-registres-de-la-propietat-de-barcelona\/","url":"https:\/\/www.mudanzascontrol.com\/ca\/trasllat-de-llibres-i-oficines-dels-registres-de-la-propietat-de-barcelona\/","name":"Trasllat Registres Propietat Barcelona - Mudances Control","isPartOf":{"@id":"https:\/\/www.mudanzascontrol.com\/#website"},"primaryImageOfPage":{"@id":"https:\/\/www.mudanzascontrol.com\/ca\/trasllat-de-llibres-i-oficines-dels-registres-de-la-propietat-de-barcelona\/#primaryimage"},"image":{"@id":"https:\/\/www.mudanzascontrol.com\/ca\/trasllat-de-llibres-i-oficines-dels-registres-de-la-propietat-de-barcelona\/#primaryimage"},"thumbnailUrl":"https:\/\/www.mudanzascontrol.com\/wp-content\/uploads\/2019\/10\/Torre-Marina-retoque.jpg","datePublished":"2018-08-29T18:00:09+00:00","dateModified":"2025-04-05T19:26:18+00:00","description":"El trasllat de llibres i oficines dels Registres de la Propietat de Barcelona es va dur a terme per part de Mudances Control el 2018","breadcrumb":{"@id":"https:\/\/www.mudanzascontrol.com\/ca\/trasllat-de-llibres-i-oficines-dels-registres-de-la-propietat-de-barcelona\/#breadcrumb"},"inLanguage":"ca","potentialAction":[{"@type":"ReadAction","target":["https:\/\/www.mudanzascontrol.com\/ca\/trasllat-de-llibres-i-oficines-dels-registres-de-la-propietat-de-barcelona\/"]}]},{"@type":"ImageObject","inLanguage":"ca","@id":"https:\/\/www.mudanzascontrol.com\/ca\/trasllat-de-llibres-i-oficines-dels-registres-de-la-propietat-de-barcelona\/#primaryimage","url":"https:\/\/www.mudanzascontrol.com\/wp-content\/uploads\/2019\/10\/Torre-Marina-retoque.jpg","contentUrl":"https:\/\/www.mudanzascontrol.com\/wp-content\/uploads\/2019\/10\/Torre-Marina-retoque.jpg","width":4032,"height":3024,"caption":"Traslado de libros del Registro Propiedad Barcelona"},{"@type":"BreadcrumbList","@id":"https:\/\/www.mudanzascontrol.com\/ca\/trasllat-de-llibres-i-oficines-dels-registres-de-la-propietat-de-barcelona\/#breadcrumb","itemListElement":[{"@type":"ListItem","position":1,"name":"Portada","item":"https:\/\/www.mudanzascontrol.com\/ca\/inicio\/"},{"@type":"ListItem","position":2,"name":"Trasllat de llibres i oficines dels Registres de la Propietat de Barcelona"}]},{"@type":"WebSite","@id":"https:\/\/www.mudanzascontrol.com\/#website","url":"https:\/\/www.mudanzascontrol.com\/","name":"Mudanzas Control","description":"Empresa de Mudanzas en Barcelona","publisher":{"@id":"https:\/\/www.mudanzascontrol.com\/#organization"},"alternateName":"CONTROL Mudanzas Barcelona","potentialAction":[{"@type":"SearchAction","target":{"@type":"EntryPoint","urlTemplate":"https:\/\/www.mudanzascontrol.com\/?s={search_term_string}"},"query-input":{"@type":"PropertyValueSpecification","valueRequired":true,"valueName":"search_term_string"}}],"inLanguage":"ca"},{"@type":"Organization","@id":"https:\/\/www.mudanzascontrol.com\/#organization","name":"CONTROL Mudanzas","url":"https:\/\/www.mudanzascontrol.com\/","logo":{"@type":"ImageObject","inLanguage":"ca","@id":"https:\/\/www.mudanzascontrol.com\/#\/schema\/logo\/image\/","url":"https:\/\/www.mudanzascontrol.com\/wp-content\/uploads\/2019\/08\/Control-Mudanzas-Barcelona.jpg","contentUrl":"https:\/\/www.mudanzascontrol.com\/wp-content\/uploads\/2019\/08\/Control-Mudanzas-Barcelona.jpg","width":500,"height":125,"caption":"CONTROL Mudanzas"},"image":{"@id":"https:\/\/www.mudanzascontrol.com\/#\/schema\/logo\/image\/"},"sameAs":["https:\/\/es-es.facebook.com\/MudanzasControl\/","https:\/\/x.com\/MudanzasControl","https:\/\/www.instagram.com\/mudanzascontrol\/","https:\/\/www.linkedin.com\/company\/control-mudanzas-sl","https:\/\/www.pinterest.es\/mudanzascontrol\/","https:\/\/www.youtube.com\/user\/Guardamuebles1"],"description":"Empresa de mudanzas ubicada en Barcelona","email":"comercial@mudanzascontrol.com","telephone":"933340100","legalName":"CONSORCIO DE TRANSITO Y ORGANIZACI\u00d3N LOG\u00cdSTICA EN MUDANZAS, SLU","vatID":"B61104253","taxID":"B61104253","numberOfEmployees":{"@type":"QuantitativeValue","minValue":"11","maxValue":"50"}},{"@type":"Person","@id":"https:\/\/www.mudanzascontrol.com\/#\/schema\/person\/35e645e606be7465bff2382d84063a8c","name":"Mudanzas Control","image":{"@type":"ImageObject","inLanguage":"ca","@id":"https:\/\/www.mudanzascontrol.com\/#\/schema\/person\/image\/","url":"https:\/\/secure.gravatar.com\/avatar\/08f1fc6e9b2f728187b8ffffd2a1783d2a57d29a313d8f779fae926d6972148c?s=96&d=mm&r=g","contentUrl":"https:\/\/secure.gravatar.com\/avatar\/08f1fc6e9b2f728187b8ffffd2a1783d2a57d29a313d8f779fae926d6972148c?s=96&d=mm&r=g","caption":"Mudanzas Control"},"url":"https:\/\/www.mudanzascontrol.com\/ca\/author\/miguel\/"}]}},"_links":{"self":[{"href":"https:\/\/www.mudanzascontrol.com\/ca\/wp-json\/wp\/v2\/posts\/6591","targetHints":{"allow":["GET"]}}],"collection":[{"href":"https:\/\/www.mudanzascontrol.com\/ca\/wp-json\/wp\/v2\/posts"}],"about":[{"href":"https:\/\/www.mudanzascontrol.com\/ca\/wp-json\/wp\/v2\/types\/post"}],"author":[{"embeddable":true,"href":"https:\/\/www.mudanzascontrol.com\/ca\/wp-json\/wp\/v2\/users\/5"}],"replies":[{"embeddable":true,"href":"https:\/\/www.mudanzascontrol.com\/ca\/wp-json\/wp\/v2\/comments?post=6591"}],"version-history":[{"count":0,"href":"https:\/\/www.mudanzascontrol.com\/ca\/wp-json\/wp\/v2\/posts\/6591\/revisions"}],"wp:featuredmedia":[{"embeddable":true,"href":"https:\/\/www.mudanzascontrol.com\/ca\/wp-json\/wp\/v2\/media\/2883"}],"wp:attachment":[{"href":"https:\/\/www.mudanzascontrol.com\/ca\/wp-json\/wp\/v2\/media?parent=6591"}],"wp:term":[{"taxonomy":"category","embeddable":true,"href":"https:\/\/www.mudanzascontrol.com\/ca\/wp-json\/wp\/v2\/categories?post=6591"},{"taxonomy":"post_tag","embeddable":true,"href":"https:\/\/www.mudanzascontrol.com\/ca\/wp-json\/wp\/v2\/tags?post=6591"}],"curies":[{"name":"wp","href":"https:\/\/api.w.org\/{rel}","templated":true}]}}