{"id":7460,"date":"2026-02-01T19:11:21","date_gmt":"2026-02-01T18:11:21","guid":{"rendered":"https:\/\/www.mudanzascontrol.com\/un-trasllat-amb-memoria-collaboracio-entre-fundacio-endesa-i-lajuntament-descucha\/"},"modified":"2026-03-16T11:14:34","modified_gmt":"2026-03-16T10:14:34","slug":"un-trasllat-amb-memoria-collaboracio-entre-fundacio-endesa-i-lajuntament-descucha","status":"publish","type":"post","link":"https:\/\/www.mudanzascontrol.com\/ca\/un-trasllat-amb-memoria-collaboracio-entre-fundacio-endesa-i-lajuntament-descucha\/","title":{"rendered":"Un Trasllat amb Mem\u00f2ria: Col\u00b7laboraci\u00f3 entre Fundaci\u00f3 Endesa i l&#8217;Ajuntament d&#8217;Escucha"},"content":{"rendered":"<p>Ens enorgulleix haver participat de manera activa en un projecte que encara el patrimoni industrial, la hist\u00f2ria de l&#8217;energia i la mineria, i la posada en valor de peces de col\u00b7lecci\u00f3 amb gran c\u00e0rrega simb\u00f2lica. En col\u00b7laboraci\u00f3 amb la Fundaci\u00f3 Endesa i l&#8217;Ajuntament d&#8217;Escucha (Museu Miner d&#8217;Escucha) hem dut a terme el trasllat de diversos vehicles hist\u00f2rics i peces de col\u00b7lecci\u00f3 pertanyents al m\u00f3n miner i al passat d&#8217;Endesa com a prove\u00efdor d&#8217;energia el\u00e8ctrica. <\/p>\n<p>El nostre paper ha estat el d&#8217;empresa especialitzada en log\u00edstica de transport de patrimoni rodant, encarregant-nos tant de la preparaci\u00f3 pr\u00e8via com de la c\u00e0rrega i trasllat, sempre des del rigor t\u00e8cnic i el respecte per la hist\u00f2ria que aquestes peces representen.<\/p>\n<h2>Sobre Fundaci\u00f3 Endesa<\/h2>\n<p>La <a href=\"https:\/\/www.fundacionendesa.org\/\" target=\"_blank\" rel=\"noopener\">Fundaci\u00f3 Endesa<\/a> neix el 1998 com a expressi\u00f3 del comprom\u00eds social d&#8217; Endesa per donar resposta a les necessitats de l&#8217; entorn en el qual porta a terme les seves activitats i aix\u00ed contribuir al desenvolupament de la societat.<br \/>\nDia a dia treballa per impulsar una transici\u00f3 energ\u00e8tica justa i sostenible, situant les persones i benestar al centre, a trav\u00e9s de projectes socials, educatius i mediambientals, contribuint al desenvolupament hum\u00e0, social i ambiental de forma duradora.<\/p>\n<p>Aquest projecte, en concret, s&#8217;emmarca en la seva \u00e0rea de Cultura i forma part d&#8217;una de les iniciatives dutes a terme pel Fons Hist\u00f2ric d&#8217;Endesa, el prop\u00f2sit del qual \u00e9s el de posar en valor el llegat hist\u00f2ric i cultural de la companyia; un llegat que connecta la mineria, l&#8217;energia i la mobilitat industrial d&#8217;un passat que mereix continuar viu.<\/p>\n<h2>Sobre el Museu Miner d&#8217;Escucha<\/h2>\n<p>Ubicat a la localitat d&#8217;Escucha (Teruel, Arag\u00f3), el <a href=\"https:\/\/www.museomineroescucha.es\/\">Museu Miner d&#8217;Escucha<\/a> est\u00e0 instal\u00b7lat dins de l&#8217;antiga mina de carb\u00f3 &#8220;Se Ver\u00e1&#8221;, una explotaci\u00f3 aut\u00e8ntica que permet al visitant una experi\u00e8ncia singular: endinsar-se en galeries reials, descendir en vagonetes, i con\u00e8ixer de prop el dur treball de la mineria.<\/p>\n<p>Aquest museu es presenta no nom\u00e9s com un lloc d&#8217;exposici\u00f3, sin\u00f3 com un testimoni viu del passat industrial de la comarca de les Conques Mineres. Recentment ha impulsat noves exposicions sobre transici\u00f3 energ\u00e8tica, patrimoni industrial i els reptes del territori. <\/p>\n<h2><img loading=\"lazy\" decoding=\"async\" class=\"alignright wp-image-7453 size-wisemove-thumb-masonry\" src=\"https:\/\/www.mudanzascontrol.com\/wp-content\/uploads\/2026\/02\/Todoterreno-antiguo-ENHER-scaled-e1769969741835.jpg\" alt=\"Tot terreny antic de l' empresa ENHER\" width=\"370\" height=\"405\" srcset=\"https:\/\/www.mudanzascontrol.com\/wp-content\/uploads\/2026\/02\/Todoterreno-antiguo-ENHER-scaled-e1769969741835.jpg 1920w, https:\/\/www.mudanzascontrol.com\/wp-content\/uploads\/2026\/02\/Todoterreno-antiguo-ENHER-scaled-e1769969741835-274x300.jpg 274w, https:\/\/www.mudanzascontrol.com\/wp-content\/uploads\/2026\/02\/Todoterreno-antiguo-ENHER-scaled-e1769969741835-936x1024.jpg 936w, https:\/\/www.mudanzascontrol.com\/wp-content\/uploads\/2026\/02\/Todoterreno-antiguo-ENHER-scaled-e1769969741835-768x840.jpg 768w, https:\/\/www.mudanzascontrol.com\/wp-content\/uploads\/2026\/02\/Todoterreno-antiguo-ENHER-scaled-e1769969741835-1404x1536.jpg 1404w, https:\/\/www.mudanzascontrol.com\/wp-content\/uploads\/2026\/02\/Todoterreno-antiguo-ENHER-scaled-e1769969741835-1872x2048.jpg 1872w, https:\/\/www.mudanzascontrol.com\/wp-content\/uploads\/2026\/02\/Todoterreno-antiguo-ENHER-scaled-e1769969741835-370x405.jpg 370w, https:\/\/www.mudanzascontrol.com\/wp-content\/uploads\/2026\/02\/Todoterreno-antiguo-ENHER-scaled-e1769969741835-770x842.jpg 770w\" sizes=\"auto, (max-width: 370px) 100vw, 370px\" \/>La nostra aportaci\u00f3 al projecte<\/h2>\n<p>L&#8217;enc\u00e0rrec va consistir a traslladar diversos vehicles hist\u00f2rics i peces de col\u00b7lecci\u00f3 que quedaran en dip\u00f2sit o cessi\u00f3 per a la seva futura exposici\u00f3. Entre ells destaquen: <\/p>\n<p>&#8211; Un cami\u00f3 Pegaso Egipcio equipat amb grua, amb uns imponents 3,45 metres d&#8217; al\u00e7ada i 10.000 kg de pes.<br \/>\n&#8211; Un cami\u00f3 GMC model CCKW.<br \/>\n&#8211; Una furgoneta Jeep el model de la qual, per ser molt popular, molts recordaran en veure-la en el v\u00eddeo.<br \/>\n&#8211; Diversos vehicles tot terreny caracter\u00edstics de FECSA i ENHER, aix\u00ed com diversos vehicles de la marca SEAT que ens transporten a una altra \u00e8poca.<\/p>\n<h3>Preparaci\u00f3 pr\u00e8via<\/h3>\n<p>Abans d&#8217;iniciar el transport, es van realitzar tasques de manteniment per alliberar frens, inflar rodes, comprovar xass\u00eds i assegurar punts d&#8217;ancoratge, garantint la seguretat durant la c\u00e0rrega i el transport.<\/p>\n<p>Un cop realitzades totes les comprovacions i havent complert amb el checklist proposat, es va organitzar el transport segons dimensions, pesos i condicions d&#8217; \u00fas.<\/p>\n<h3><img loading=\"lazy\" decoding=\"async\" class=\"alignright wp-image-7454 size-wisemove-thumb-masonry\" src=\"https:\/\/www.mudanzascontrol.com\/wp-content\/uploads\/2026\/02\/Transporte-Pegaso-Egipcio-scaled-e1769969077911-370x405.jpg\" alt=\"Transport de Pegaso Egipcio de la companyia FECSA\" width=\"370\" height=\"405\" srcset=\"https:\/\/www.mudanzascontrol.com\/wp-content\/uploads\/2026\/02\/Transporte-Pegaso-Egipcio-scaled-e1769969077911-370x405.jpg 370w, https:\/\/www.mudanzascontrol.com\/wp-content\/uploads\/2026\/02\/Transporte-Pegaso-Egipcio-scaled-e1769969077911-274x300.jpg 274w, https:\/\/www.mudanzascontrol.com\/wp-content\/uploads\/2026\/02\/Transporte-Pegaso-Egipcio-scaled-e1769969077911-936x1024.jpg 936w, https:\/\/www.mudanzascontrol.com\/wp-content\/uploads\/2026\/02\/Transporte-Pegaso-Egipcio-scaled-e1769969077911-768x840.jpg 768w, https:\/\/www.mudanzascontrol.com\/wp-content\/uploads\/2026\/02\/Transporte-Pegaso-Egipcio-scaled-e1769969077911-1404x1536.jpg 1404w, https:\/\/www.mudanzascontrol.com\/wp-content\/uploads\/2026\/02\/Transporte-Pegaso-Egipcio-scaled-e1769969077911-1872x2048.jpg 1872w, https:\/\/www.mudanzascontrol.com\/wp-content\/uploads\/2026\/02\/Transporte-Pegaso-Egipcio-scaled-e1769969077911-770x842.jpg 770w, https:\/\/www.mudanzascontrol.com\/wp-content\/uploads\/2026\/02\/Transporte-Pegaso-Egipcio-scaled-e1769969077911.jpg 1920w\" sizes=\"auto, (max-width: 370px) 100vw, 370px\" \/>C\u00e0rrega i Transport<\/h3>\n<p>Els camions de gran grand\u00e0ria, com el Pegaso Egipcio, van ser traslladats en g\u00f2ndoles, carregats amb grua i cabrestant, planificant rutes i assegurant el compliment de les mesures de seguretat vi\u00e0ria i patrimonial.<\/p>\n<p>Sens dubte, tant la c\u00e0rrega com la ruta van ser tot un repte per al cas concret del Pegaso Egipcio. Per les seves dimensions sobrepassava les mesures m\u00e0ximes convencionals establertes en el Reglament General de Vehicles, la qual cosa va comportar disposar d&#8217; uns permisos especials per al seu transport. <\/p>\n<p>Un cop disposats de tots els permisos necessaris, es va dur a terme el transport de tots els vehicles en un termini inferior a una setmana.<\/p>\n<h2>Un projecte de valor hist\u00f2ric<\/h2>\n<p>Aquest projecte representa una contribuci\u00f3 a la preservaci\u00f3 del patrimoni industrial i energ\u00e8tic del nostre pa\u00eds. Els vehicles, alguns amb emblemes hist\u00f2rics de FECSA i ENHER, s\u00f3n testimonis materials de l&#8217;evoluci\u00f3 de l&#8217;energia i el transport industrial a Espanya. <\/p>\n<h3>Invitaci\u00f3 al lector<\/h3>\n<p>Convidem el p\u00fablic a seguir de prop les xarxes de Fundaci\u00f3 Endesa i del Museu Miner d&#8217;Escolta, on segur podrem estar informats en un temps sobre el futur d&#8217;aquest projecte sobre la mem\u00f2ria del nostre passat industrial i sobre altres projectes que mantenen en marxa.<\/p>\n","protected":false},"excerpt":{"rendered":"<p>Ens enorgulleix haver participat de manera activa en un projecte que encara el patrimoni industrial, la hist\u00f2ria de l&#8217;energia i la mineria, i la posada en valor de peces de col\u00b7lecci\u00f3 amb gran c\u00e0rrega simb\u00f2lica. En col\u00b7laboraci\u00f3 amb la Fundaci\u00f3&hellip;<\/p>\n","protected":false},"author":5,"featured_media":7463,"comment_status":"closed","ping_status":"closed","sticky":false,"template":"","format":"standard","meta":{"footnotes":""},"categories":[61],"tags":[],"class_list":["post-7460","post","type-post","status-publish","format-standard","has-post-thumbnail","hentry","category-projectes"],"yoast_head":"<!-- This site is optimized with the Yoast SEO Premium plugin v27.1 (Yoast SEO v27.1.1) - https:\/\/yoast.com\/product\/yoast-seo-premium-wordpress\/ -->\n<title>Trasllat de Vehicles per a Fundaci\u00f3 Endesa i Museu Miner d&#039; Escucha<\/title>\n<meta name=\"description\" content=\"Trasllat de vehicles hist\u00f2rics com el Pegaso Egipcio, furgoneta Jeep, cotxes emblem\u00e0tics Seat i fins i tot un cami\u00f3 GMC CCKW.\" \/>\n<meta name=\"robots\" content=\"index, follow, max-snippet:-1, max-image-preview:large, max-video-preview:-1\" \/>\n<link rel=\"canonical\" href=\"https:\/\/www.mudanzascontrol.com\/ca\/un-trasllat-amb-memoria-collaboracio-entre-fundacio-endesa-i-lajuntament-descucha\/\" \/>\n<meta property=\"og:locale\" content=\"ca_ES\" \/>\n<meta property=\"og:type\" content=\"article\" \/>\n<meta property=\"og:title\" content=\"Un Trasllat amb Mem\u00f2ria: Col\u00b7laboraci\u00f3 entre Fundaci\u00f3 Endesa i l&#039;Ajuntament d&#039;Escucha\" \/>\n<meta property=\"og:description\" content=\"Ens enorgulleix haver participat de manera activa en un projecte que encara el patrimoni industrial, la hist\u00f2ria de l&#039;energia i la mineria, i la posada en\" \/>\n<meta property=\"og:url\" content=\"https:\/\/www.mudanzascontrol.com\/ca\/un-trasllat-amb-memoria-collaboracio-entre-fundacio-endesa-i-lajuntament-descucha\/\" \/>\n<meta property=\"og:site_name\" content=\"Mudanzas Control\" \/>\n<meta property=\"article:publisher\" content=\"https:\/\/es-es.facebook.com\/MudanzasControl\/\" \/>\n<meta property=\"article:published_time\" content=\"2026-02-01T18:11:21+00:00\" \/>\n<meta property=\"article:modified_time\" content=\"2026-03-16T10:14:34+00:00\" \/>\n<meta property=\"og:image\" content=\"https:\/\/www.mudanzascontrol.com\/wp-content\/uploads\/2026\/02\/Traslado-camion-historico-scaled.jpg\" \/>\n\t<meta property=\"og:image:width\" content=\"2560\" \/>\n\t<meta property=\"og:image:height\" content=\"1920\" \/>\n\t<meta property=\"og:image:type\" content=\"image\/jpeg\" \/>\n<meta name=\"author\" content=\"Mudanzas Control\" \/>\n<meta name=\"twitter:card\" content=\"summary_large_image\" \/>\n<meta name=\"twitter:creator\" content=\"@MudanzasControl\" \/>\n<meta name=\"twitter:site\" content=\"@MudanzasControl\" \/>\n<meta name=\"twitter:label1\" content=\"Escrit per\" \/>\n\t<meta name=\"twitter:data1\" content=\"Mudanzas Control\" \/>\n\t<meta name=\"twitter:label2\" content=\"Temps estimat de lectura\" \/>\n\t<meta name=\"twitter:data2\" content=\"4 minuts\" \/>\n<script type=\"application\/ld+json\" class=\"yoast-schema-graph\">{\"@context\":\"https:\/\/schema.org\",\"@graph\":[{\"@type\":\"Article\",\"@id\":\"https:\/\/www.mudanzascontrol.com\/ca\/un-trasllat-amb-memoria-collaboracio-entre-fundacio-endesa-i-lajuntament-descucha\/#article\",\"isPartOf\":{\"@id\":\"https:\/\/www.mudanzascontrol.com\/ca\/un-trasllat-amb-memoria-collaboracio-entre-fundacio-endesa-i-lajuntament-descucha\/\"},\"author\":{\"name\":\"Mudanzas Control\",\"@id\":\"https:\/\/www.mudanzascontrol.com\/#\/schema\/person\/35e645e606be7465bff2382d84063a8c\"},\"headline\":\"Un Trasllat amb Mem\u00f2ria: Col\u00b7laboraci\u00f3 entre Fundaci\u00f3 Endesa i l&#8217;Ajuntament d&#8217;Escucha\",\"datePublished\":\"2026-02-01T18:11:21+00:00\",\"dateModified\":\"2026-03-16T10:14:34+00:00\",\"mainEntityOfPage\":{\"@id\":\"https:\/\/www.mudanzascontrol.com\/ca\/un-trasllat-amb-memoria-collaboracio-entre-fundacio-endesa-i-lajuntament-descucha\/\"},\"wordCount\":799,\"publisher\":{\"@id\":\"https:\/\/www.mudanzascontrol.com\/#organization\"},\"image\":{\"@id\":\"https:\/\/www.mudanzascontrol.com\/ca\/un-trasllat-amb-memoria-collaboracio-entre-fundacio-endesa-i-lajuntament-descucha\/#primaryimage\"},\"thumbnailUrl\":\"https:\/\/www.mudanzascontrol.com\/wp-content\/uploads\/2026\/02\/Traslado-camion-historico-scaled.jpg\",\"articleSection\":[\"Projectes\"],\"inLanguage\":\"ca\"},{\"@type\":\"WebPage\",\"@id\":\"https:\/\/www.mudanzascontrol.com\/ca\/un-trasllat-amb-memoria-collaboracio-entre-fundacio-endesa-i-lajuntament-descucha\/\",\"url\":\"https:\/\/www.mudanzascontrol.com\/ca\/un-trasllat-amb-memoria-collaboracio-entre-fundacio-endesa-i-lajuntament-descucha\/\",\"name\":\"Trasllat de Vehicles per a Fundaci\u00f3 Endesa i Museu Miner d' Escucha\",\"isPartOf\":{\"@id\":\"https:\/\/www.mudanzascontrol.com\/#website\"},\"primaryImageOfPage\":{\"@id\":\"https:\/\/www.mudanzascontrol.com\/ca\/un-trasllat-amb-memoria-collaboracio-entre-fundacio-endesa-i-lajuntament-descucha\/#primaryimage\"},\"image\":{\"@id\":\"https:\/\/www.mudanzascontrol.com\/ca\/un-trasllat-amb-memoria-collaboracio-entre-fundacio-endesa-i-lajuntament-descucha\/#primaryimage\"},\"thumbnailUrl\":\"https:\/\/www.mudanzascontrol.com\/wp-content\/uploads\/2026\/02\/Traslado-camion-historico-scaled.jpg\",\"datePublished\":\"2026-02-01T18:11:21+00:00\",\"dateModified\":\"2026-03-16T10:14:34+00:00\",\"description\":\"Trasllat de vehicles hist\u00f2rics com el Pegaso Egipcio, furgoneta Jeep, cotxes emblem\u00e0tics Seat i fins i tot un cami\u00f3 GMC CCKW.\",\"breadcrumb\":{\"@id\":\"https:\/\/www.mudanzascontrol.com\/ca\/un-trasllat-amb-memoria-collaboracio-entre-fundacio-endesa-i-lajuntament-descucha\/#breadcrumb\"},\"inLanguage\":\"ca\",\"potentialAction\":[{\"@type\":\"ReadAction\",\"target\":[\"https:\/\/www.mudanzascontrol.com\/ca\/un-trasllat-amb-memoria-collaboracio-entre-fundacio-endesa-i-lajuntament-descucha\/\"]}]},{\"@type\":\"ImageObject\",\"inLanguage\":\"ca\",\"@id\":\"https:\/\/www.mudanzascontrol.com\/ca\/un-trasllat-amb-memoria-collaboracio-entre-fundacio-endesa-i-lajuntament-descucha\/#primaryimage\",\"url\":\"https:\/\/www.mudanzascontrol.com\/wp-content\/uploads\/2026\/02\/Traslado-camion-historico-scaled.jpg\",\"contentUrl\":\"https:\/\/www.mudanzascontrol.com\/wp-content\/uploads\/2026\/02\/Traslado-camion-historico-scaled.jpg\",\"width\":2560,\"height\":1920,\"caption\":\"Trasllat de cami\u00f3 hist\u00f2ric\"},{\"@type\":\"BreadcrumbList\",\"@id\":\"https:\/\/www.mudanzascontrol.com\/ca\/un-trasllat-amb-memoria-collaboracio-entre-fundacio-endesa-i-lajuntament-descucha\/#breadcrumb\",\"itemListElement\":[{\"@type\":\"ListItem\",\"position\":1,\"name\":\"Portada\",\"item\":\"https:\/\/www.mudanzascontrol.com\/ca\/inicio\/\"},{\"@type\":\"ListItem\",\"position\":2,\"name\":\"Un Trasllat amb Mem\u00f2ria: Col\u00b7laboraci\u00f3 entre Fundaci\u00f3 Endesa i l&#8217;Ajuntament d&#8217;Escucha\"}]},{\"@type\":\"WebSite\",\"@id\":\"https:\/\/www.mudanzascontrol.com\/#website\",\"url\":\"https:\/\/www.mudanzascontrol.com\/\",\"name\":\"Mudanzas Control\",\"description\":\"Empresa de Mudanzas en Barcelona\",\"publisher\":{\"@id\":\"https:\/\/www.mudanzascontrol.com\/#organization\"},\"alternateName\":\"CONTROL Mudanzas Barcelona\",\"potentialAction\":[{\"@type\":\"SearchAction\",\"target\":{\"@type\":\"EntryPoint\",\"urlTemplate\":\"https:\/\/www.mudanzascontrol.com\/?s={search_term_string}\"},\"query-input\":{\"@type\":\"PropertyValueSpecification\",\"valueRequired\":true,\"valueName\":\"search_term_string\"}}],\"inLanguage\":\"ca\"},{\"@type\":\"Organization\",\"@id\":\"https:\/\/www.mudanzascontrol.com\/#organization\",\"name\":\"CONTROL Mudanzas\",\"url\":\"https:\/\/www.mudanzascontrol.com\/\",\"logo\":{\"@type\":\"ImageObject\",\"inLanguage\":\"ca\",\"@id\":\"https:\/\/www.mudanzascontrol.com\/#\/schema\/logo\/image\/\",\"url\":\"https:\/\/www.mudanzascontrol.com\/wp-content\/uploads\/2019\/08\/Control-Mudanzas-Barcelona.jpg\",\"contentUrl\":\"https:\/\/www.mudanzascontrol.com\/wp-content\/uploads\/2019\/08\/Control-Mudanzas-Barcelona.jpg\",\"width\":500,\"height\":125,\"caption\":\"CONTROL Mudanzas\"},\"image\":{\"@id\":\"https:\/\/www.mudanzascontrol.com\/#\/schema\/logo\/image\/\"},\"sameAs\":[\"https:\/\/es-es.facebook.com\/MudanzasControl\/\",\"https:\/\/x.com\/MudanzasControl\",\"https:\/\/www.instagram.com\/mudanzascontrol\/\",\"https:\/\/www.linkedin.com\/company\/control-mudanzas-sl\",\"https:\/\/www.pinterest.es\/mudanzascontrol\/\",\"https:\/\/www.youtube.com\/user\/Guardamuebles1\"],\"description\":\"Empresa de mudanzas ubicada en Barcelona\",\"email\":\"comercial@mudanzascontrol.com\",\"telephone\":\"933340100\",\"legalName\":\"CONSORCIO DE TRANSITO Y ORGANIZACI\u00d3N LOG\u00cdSTICA EN MUDANZAS, SLU\",\"vatID\":\"B61104253\",\"taxID\":\"B61104253\",\"numberOfEmployees\":{\"@type\":\"QuantitativeValue\",\"minValue\":\"11\",\"maxValue\":\"50\"}},{\"@type\":\"Person\",\"@id\":\"https:\/\/www.mudanzascontrol.com\/#\/schema\/person\/35e645e606be7465bff2382d84063a8c\",\"name\":\"Mudanzas Control\",\"image\":{\"@type\":\"ImageObject\",\"inLanguage\":\"ca\",\"@id\":\"https:\/\/www.mudanzascontrol.com\/#\/schema\/person\/image\/\",\"url\":\"https:\/\/secure.gravatar.com\/avatar\/08f1fc6e9b2f728187b8ffffd2a1783d2a57d29a313d8f779fae926d6972148c?s=96&d=mm&r=g\",\"contentUrl\":\"https:\/\/secure.gravatar.com\/avatar\/08f1fc6e9b2f728187b8ffffd2a1783d2a57d29a313d8f779fae926d6972148c?s=96&d=mm&r=g\",\"caption\":\"Mudanzas Control\"},\"url\":\"https:\/\/www.mudanzascontrol.com\/ca\/author\/miguel\/\"}]}<\/script>\n<!-- \/ Yoast SEO Premium plugin. -->","yoast_head_json":{"title":"Trasllat de Vehicles per a Fundaci\u00f3 Endesa i Museu Miner d' Escucha","description":"Trasllat de vehicles hist\u00f2rics com el Pegaso Egipcio, furgoneta Jeep, cotxes emblem\u00e0tics Seat i fins i tot un cami\u00f3 GMC CCKW.","robots":{"index":"index","follow":"follow","max-snippet":"max-snippet:-1","max-image-preview":"max-image-preview:large","max-video-preview":"max-video-preview:-1"},"canonical":"https:\/\/www.mudanzascontrol.com\/ca\/un-trasllat-amb-memoria-collaboracio-entre-fundacio-endesa-i-lajuntament-descucha\/","og_locale":"ca_ES","og_type":"article","og_title":"Un Trasllat amb Mem\u00f2ria: Col\u00b7laboraci\u00f3 entre Fundaci\u00f3 Endesa i l'Ajuntament d'Escucha","og_description":"Ens enorgulleix haver participat de manera activa en un projecte que encara el patrimoni industrial, la hist\u00f2ria de l'energia i la mineria, i la posada en","og_url":"https:\/\/www.mudanzascontrol.com\/ca\/un-trasllat-amb-memoria-collaboracio-entre-fundacio-endesa-i-lajuntament-descucha\/","og_site_name":"Mudanzas Control","article_publisher":"https:\/\/es-es.facebook.com\/MudanzasControl\/","article_published_time":"2026-02-01T18:11:21+00:00","article_modified_time":"2026-03-16T10:14:34+00:00","og_image":[{"width":2560,"height":1920,"url":"https:\/\/www.mudanzascontrol.com\/wp-content\/uploads\/2026\/02\/Traslado-camion-historico-scaled.jpg","type":"image\/jpeg"}],"author":"Mudanzas Control","twitter_card":"summary_large_image","twitter_creator":"@MudanzasControl","twitter_site":"@MudanzasControl","twitter_misc":{"Escrit per":"Mudanzas Control","Temps estimat de lectura":"4 minuts"},"schema":{"@context":"https:\/\/schema.org","@graph":[{"@type":"Article","@id":"https:\/\/www.mudanzascontrol.com\/ca\/un-trasllat-amb-memoria-collaboracio-entre-fundacio-endesa-i-lajuntament-descucha\/#article","isPartOf":{"@id":"https:\/\/www.mudanzascontrol.com\/ca\/un-trasllat-amb-memoria-collaboracio-entre-fundacio-endesa-i-lajuntament-descucha\/"},"author":{"name":"Mudanzas Control","@id":"https:\/\/www.mudanzascontrol.com\/#\/schema\/person\/35e645e606be7465bff2382d84063a8c"},"headline":"Un Trasllat amb Mem\u00f2ria: Col\u00b7laboraci\u00f3 entre Fundaci\u00f3 Endesa i l&#8217;Ajuntament d&#8217;Escucha","datePublished":"2026-02-01T18:11:21+00:00","dateModified":"2026-03-16T10:14:34+00:00","mainEntityOfPage":{"@id":"https:\/\/www.mudanzascontrol.com\/ca\/un-trasllat-amb-memoria-collaboracio-entre-fundacio-endesa-i-lajuntament-descucha\/"},"wordCount":799,"publisher":{"@id":"https:\/\/www.mudanzascontrol.com\/#organization"},"image":{"@id":"https:\/\/www.mudanzascontrol.com\/ca\/un-trasllat-amb-memoria-collaboracio-entre-fundacio-endesa-i-lajuntament-descucha\/#primaryimage"},"thumbnailUrl":"https:\/\/www.mudanzascontrol.com\/wp-content\/uploads\/2026\/02\/Traslado-camion-historico-scaled.jpg","articleSection":["Projectes"],"inLanguage":"ca"},{"@type":"WebPage","@id":"https:\/\/www.mudanzascontrol.com\/ca\/un-trasllat-amb-memoria-collaboracio-entre-fundacio-endesa-i-lajuntament-descucha\/","url":"https:\/\/www.mudanzascontrol.com\/ca\/un-trasllat-amb-memoria-collaboracio-entre-fundacio-endesa-i-lajuntament-descucha\/","name":"Trasllat de Vehicles per a Fundaci\u00f3 Endesa i Museu Miner d' Escucha","isPartOf":{"@id":"https:\/\/www.mudanzascontrol.com\/#website"},"primaryImageOfPage":{"@id":"https:\/\/www.mudanzascontrol.com\/ca\/un-trasllat-amb-memoria-collaboracio-entre-fundacio-endesa-i-lajuntament-descucha\/#primaryimage"},"image":{"@id":"https:\/\/www.mudanzascontrol.com\/ca\/un-trasllat-amb-memoria-collaboracio-entre-fundacio-endesa-i-lajuntament-descucha\/#primaryimage"},"thumbnailUrl":"https:\/\/www.mudanzascontrol.com\/wp-content\/uploads\/2026\/02\/Traslado-camion-historico-scaled.jpg","datePublished":"2026-02-01T18:11:21+00:00","dateModified":"2026-03-16T10:14:34+00:00","description":"Trasllat de vehicles hist\u00f2rics com el Pegaso Egipcio, furgoneta Jeep, cotxes emblem\u00e0tics Seat i fins i tot un cami\u00f3 GMC CCKW.","breadcrumb":{"@id":"https:\/\/www.mudanzascontrol.com\/ca\/un-trasllat-amb-memoria-collaboracio-entre-fundacio-endesa-i-lajuntament-descucha\/#breadcrumb"},"inLanguage":"ca","potentialAction":[{"@type":"ReadAction","target":["https:\/\/www.mudanzascontrol.com\/ca\/un-trasllat-amb-memoria-collaboracio-entre-fundacio-endesa-i-lajuntament-descucha\/"]}]},{"@type":"ImageObject","inLanguage":"ca","@id":"https:\/\/www.mudanzascontrol.com\/ca\/un-trasllat-amb-memoria-collaboracio-entre-fundacio-endesa-i-lajuntament-descucha\/#primaryimage","url":"https:\/\/www.mudanzascontrol.com\/wp-content\/uploads\/2026\/02\/Traslado-camion-historico-scaled.jpg","contentUrl":"https:\/\/www.mudanzascontrol.com\/wp-content\/uploads\/2026\/02\/Traslado-camion-historico-scaled.jpg","width":2560,"height":1920,"caption":"Trasllat de cami\u00f3 hist\u00f2ric"},{"@type":"BreadcrumbList","@id":"https:\/\/www.mudanzascontrol.com\/ca\/un-trasllat-amb-memoria-collaboracio-entre-fundacio-endesa-i-lajuntament-descucha\/#breadcrumb","itemListElement":[{"@type":"ListItem","position":1,"name":"Portada","item":"https:\/\/www.mudanzascontrol.com\/ca\/inicio\/"},{"@type":"ListItem","position":2,"name":"Un Trasllat amb Mem\u00f2ria: Col\u00b7laboraci\u00f3 entre Fundaci\u00f3 Endesa i l&#8217;Ajuntament d&#8217;Escucha"}]},{"@type":"WebSite","@id":"https:\/\/www.mudanzascontrol.com\/#website","url":"https:\/\/www.mudanzascontrol.com\/","name":"Mudanzas Control","description":"Empresa de Mudanzas en Barcelona","publisher":{"@id":"https:\/\/www.mudanzascontrol.com\/#organization"},"alternateName":"CONTROL Mudanzas Barcelona","potentialAction":[{"@type":"SearchAction","target":{"@type":"EntryPoint","urlTemplate":"https:\/\/www.mudanzascontrol.com\/?s={search_term_string}"},"query-input":{"@type":"PropertyValueSpecification","valueRequired":true,"valueName":"search_term_string"}}],"inLanguage":"ca"},{"@type":"Organization","@id":"https:\/\/www.mudanzascontrol.com\/#organization","name":"CONTROL Mudanzas","url":"https:\/\/www.mudanzascontrol.com\/","logo":{"@type":"ImageObject","inLanguage":"ca","@id":"https:\/\/www.mudanzascontrol.com\/#\/schema\/logo\/image\/","url":"https:\/\/www.mudanzascontrol.com\/wp-content\/uploads\/2019\/08\/Control-Mudanzas-Barcelona.jpg","contentUrl":"https:\/\/www.mudanzascontrol.com\/wp-content\/uploads\/2019\/08\/Control-Mudanzas-Barcelona.jpg","width":500,"height":125,"caption":"CONTROL Mudanzas"},"image":{"@id":"https:\/\/www.mudanzascontrol.com\/#\/schema\/logo\/image\/"},"sameAs":["https:\/\/es-es.facebook.com\/MudanzasControl\/","https:\/\/x.com\/MudanzasControl","https:\/\/www.instagram.com\/mudanzascontrol\/","https:\/\/www.linkedin.com\/company\/control-mudanzas-sl","https:\/\/www.pinterest.es\/mudanzascontrol\/","https:\/\/www.youtube.com\/user\/Guardamuebles1"],"description":"Empresa de mudanzas ubicada en Barcelona","email":"comercial@mudanzascontrol.com","telephone":"933340100","legalName":"CONSORCIO DE TRANSITO Y ORGANIZACI\u00d3N LOG\u00cdSTICA EN MUDANZAS, SLU","vatID":"B61104253","taxID":"B61104253","numberOfEmployees":{"@type":"QuantitativeValue","minValue":"11","maxValue":"50"}},{"@type":"Person","@id":"https:\/\/www.mudanzascontrol.com\/#\/schema\/person\/35e645e606be7465bff2382d84063a8c","name":"Mudanzas Control","image":{"@type":"ImageObject","inLanguage":"ca","@id":"https:\/\/www.mudanzascontrol.com\/#\/schema\/person\/image\/","url":"https:\/\/secure.gravatar.com\/avatar\/08f1fc6e9b2f728187b8ffffd2a1783d2a57d29a313d8f779fae926d6972148c?s=96&d=mm&r=g","contentUrl":"https:\/\/secure.gravatar.com\/avatar\/08f1fc6e9b2f728187b8ffffd2a1783d2a57d29a313d8f779fae926d6972148c?s=96&d=mm&r=g","caption":"Mudanzas Control"},"url":"https:\/\/www.mudanzascontrol.com\/ca\/author\/miguel\/"}]}},"_links":{"self":[{"href":"https:\/\/www.mudanzascontrol.com\/ca\/wp-json\/wp\/v2\/posts\/7460","targetHints":{"allow":["GET"]}}],"collection":[{"href":"https:\/\/www.mudanzascontrol.com\/ca\/wp-json\/wp\/v2\/posts"}],"about":[{"href":"https:\/\/www.mudanzascontrol.com\/ca\/wp-json\/wp\/v2\/types\/post"}],"author":[{"embeddable":true,"href":"https:\/\/www.mudanzascontrol.com\/ca\/wp-json\/wp\/v2\/users\/5"}],"replies":[{"embeddable":true,"href":"https:\/\/www.mudanzascontrol.com\/ca\/wp-json\/wp\/v2\/comments?post=7460"}],"version-history":[{"count":1,"href":"https:\/\/www.mudanzascontrol.com\/ca\/wp-json\/wp\/v2\/posts\/7460\/revisions"}],"predecessor-version":[{"id":7584,"href":"https:\/\/www.mudanzascontrol.com\/ca\/wp-json\/wp\/v2\/posts\/7460\/revisions\/7584"}],"wp:featuredmedia":[{"embeddable":true,"href":"https:\/\/www.mudanzascontrol.com\/ca\/wp-json\/wp\/v2\/media\/7463"}],"wp:attachment":[{"href":"https:\/\/www.mudanzascontrol.com\/ca\/wp-json\/wp\/v2\/media?parent=7460"}],"wp:term":[{"taxonomy":"category","embeddable":true,"href":"https:\/\/www.mudanzascontrol.com\/ca\/wp-json\/wp\/v2\/categories?post=7460"},{"taxonomy":"post_tag","embeddable":true,"href":"https:\/\/www.mudanzascontrol.com\/ca\/wp-json\/wp\/v2\/tags?post=7460"}],"curies":[{"name":"wp","href":"https:\/\/api.w.org\/{rel}","templated":true}]}}